{"id":14891,"date":"2026-09-04T05:28:00","date_gmt":"2026-09-04T03:28:00","guid":{"rendered":"https:\/\/cestdanslest-ccas.fr\/?p=14891"},"modified":"2026-09-02T17:29:03","modified_gmt":"2026-09-02T15:29:03","slug":"les-parcs-naturels-souvrent-a-nous","status":"publish","type":"post","link":"https:\/\/cestdanslest-ccas.fr\/index.php\/2026\/09\/04\/les-parcs-naturels-souvrent-a-nous\/","title":{"rendered":"Les parcs naturels s&rsquo;ouvrent \u00e0 nous"},"content":{"rendered":"\t\t<div data-elementor-type=\"wp-post\" data-elementor-id=\"14891\" class=\"elementor elementor-14891\">\n\t\t\t\t\t\t<section class=\"elementor-section elementor-top-section elementor-element elementor-element-d9aafa1 elementor-section-boxed elementor-section-height-default elementor-section-height-default wpr-particle-no wpr-jarallax-no wpr-parallax-no wpr-sticky-section-no wpr-column-slider-no wpr-equal-height-no\" data-id=\"d9aafa1\" data-element_type=\"section\" data-e-type=\"section\">\n\t\t\t\t\t\t<div class=\"elementor-container elementor-column-gap-default\">\n\t\t\t\t\t<div class=\"elementor-column elementor-col-100 elementor-top-column elementor-element elementor-element-fb08c14\" data-id=\"fb08c14\" data-element_type=\"column\" data-e-type=\"column\">\n\t\t\t<div class=\"elementor-widget-wrap elementor-element-populated\">\n\t\t\t\t\t\t<div class=\"elementor-element elementor-element-ec0ce99 elementor-widget elementor-widget-spacer\" data-id=\"ec0ce99\" data-element_type=\"widget\" data-e-type=\"widget\" data-widget_type=\"spacer.default\">\n\t\t\t\t<div class=\"elementor-widget-container\">\n\t\t\t\t\t\t\t<div class=\"elementor-spacer\">\n\t\t\t<div class=\"elementor-spacer-inner\"><\/div>\n\t\t<\/div>\n\t\t\t\t\t\t<\/div>\n\t\t\t\t<\/div>\n\t\t\t\t\t<\/div>\n\t\t<\/div>\n\t\t\t\t\t<\/div>\n\t\t<\/section>\n\t\t\t\t<section class=\"elementor-section elementor-top-section elementor-element elementor-element-722547e elementor-section-boxed elementor-section-height-default elementor-section-height-default wpr-particle-no wpr-jarallax-no wpr-parallax-no wpr-sticky-section-no wpr-column-slider-no wpr-equal-height-no\" data-id=\"722547e\" data-element_type=\"section\" data-e-type=\"section\">\n\t\t\t\t\t\t<div class=\"elementor-container elementor-column-gap-default\">\n\t\t\t\t\t<div class=\"elementor-column elementor-col-100 elementor-top-column elementor-element elementor-element-18e9219\" data-id=\"18e9219\" data-element_type=\"column\" data-e-type=\"column\">\n\t\t\t<div class=\"elementor-widget-wrap elementor-element-populated\">\n\t\t\t\t\t\t<div class=\"elementor-element elementor-element-08c8e81 elementor-widget elementor-widget-heading\" data-id=\"08c8e81\" data-element_type=\"widget\" data-e-type=\"widget\" data-widget_type=\"heading.default\">\n\t\t\t\t<div class=\"elementor-widget-container\">\n\t\t\t\t\t<h2 class=\"elementor-heading-title elementor-size-default\">Les parcs naturels s'offrent \u00e0 nous<\/h2>\t\t\t\t<\/div>\n\t\t\t\t<\/div>\n\t\t\t\t\t<\/div>\n\t\t<\/div>\n\t\t\t\t\t<\/div>\n\t\t<\/section>\n\t\t\t\t<section class=\"elementor-section elementor-top-section elementor-element elementor-element-a9c4cb2 elementor-section-boxed elementor-section-height-default elementor-section-height-default wpr-particle-no wpr-jarallax-no wpr-parallax-no wpr-sticky-section-no wpr-column-slider-no wpr-equal-height-no\" data-id=\"a9c4cb2\" data-element_type=\"section\" data-e-type=\"section\">\n\t\t\t\t\t\t<div class=\"elementor-container elementor-column-gap-default\">\n\t\t\t\t\t<div class=\"elementor-column elementor-col-50 elementor-top-column elementor-element elementor-element-ab900ee\" data-id=\"ab900ee\" data-element_type=\"column\" data-e-type=\"column\">\n\t\t\t<div class=\"elementor-widget-wrap elementor-element-populated\">\n\t\t\t\t\t\t<div class=\"elementor-element elementor-element-0264965 elementor-widget elementor-widget-text-editor\" data-id=\"0264965\" data-element_type=\"widget\" data-e-type=\"widget\" data-widget_type=\"text-editor.default\">\n\t\t\t\t<div class=\"elementor-widget-container\">\n\t\t\t\t\t\t\t\t\t<p>La CCAS et la F\u00e9d\u00e9ration des Parcs naturels r\u00e9gionaux de France (FPNRF) s\u2019associent jusqu\u2019en 2029 pour enrichir les s\u00e9jours et favoriser un tourisme plus durable, ancr\u00e9 dans les territoires.<\/p><div class=\"wpb_column vc_column_container vc_col-sm-12\"><div class=\"vc_column-inner \"><div class=\"wpb_wrapper\"><div class=\"kleo_text_column wpb_text_column wpb_content_element \"><div class=\"wpb_wrapper\"><p><span style=\"color: #ff9900;\"><strong>L\u2019objectif ?<\/strong> <\/span>Permettre de profiter pleinement des richesses qui entourent les lieux de vacances : activit\u00e9s de pleine nature, randonn\u00e9es, d\u00e9couvertes culturelles, rencontres avec des acteurs locaux, patrimoine et savoir-faire\u2026<\/p><section class=\"container-wrap main-color \"><div class=\"section-container container\"><div class=\"vc_row wpb_row vc_row-fluid row\"><div class=\"wpb_column vc_column_container vc_col-sm-10\"><div class=\"vc_column-inner \"><div class=\"wpb_wrapper\"><div class=\"kleo_text_column wpb_text_column wpb_content_element \"><div class=\"wpb_wrapper\"><section class=\"container-wrap main-color no-col-gap \"><div class=\"section-container container\"><div class=\"vc_row wpb_row vc_row-fluid row vc_row-has-fill\"><div class=\"wpb_column vc_column_container vc_col-sm-12\"><div class=\"vc_column-inner \"><div class=\"wpb_wrapper\"><div class=\"kleo_text_column wpb_text_column wpb_content_element \"><div class=\"wpb_wrapper\">Et l\u2019arri\u00e8re-saison est particuli\u00e8rement propice \u00e0 l\u2019exploration. Premi\u00e8res couleurs d\u2019automne, migrations, paysages qui se transforment, faune et flore \u00e0 observer\u2026<\/div><div>\u00a0<\/div><\/div><\/div><\/div><\/div><\/div><\/div><\/section><\/div><\/div><\/div><\/div><\/div><div class=\"wpb_column vc_column_container vc_col-sm-1\"><div class=\"wpb_wrapper\">Retrouvez les fiches des 7 villages vacances <a href=\"https:\/\/nosoffres.ccas.fr\/vacances\/partenariat-parcs-naturels-regionaux\/?fbclid=IwY2xjawUFCBJwZG9mBWV4dG4DYWVtAjEwAGJyaWQRMFo0SzNtVlBvanZJMmF3OE9zcnRjBmFwcF9pZBAyMjIwMzkxNzg4MjAwODkyAAEeTBoXdIUmheYm5HtcVRex7cR0DDnhSNt3YReN5vAFWjS-BGhqxdTYv8gw3x8_aem_3-9yhZo2hHxqIgP85gqRug\">ici<\/a>.<\/div><\/div><\/div><\/div><\/section><\/div><\/div><\/div><\/div><\/div>\t\t\t\t\t\t\t\t<\/div>\n\t\t\t\t<\/div>\n\t\t\t\t\t<\/div>\n\t\t<\/div>\n\t\t\t\t<div class=\"elementor-column elementor-col-50 elementor-top-column elementor-element elementor-element-e16f7c5\" data-id=\"e16f7c5\" data-element_type=\"column\" data-e-type=\"column\">\n\t\t\t<div class=\"elementor-widget-wrap elementor-element-populated\">\n\t\t\t\t\t\t<div class=\"elementor-element elementor-element-c62f2a5 elementor-widget elementor-widget-text-editor\" data-id=\"c62f2a5\" data-element_type=\"widget\" data-e-type=\"widget\" data-widget_type=\"text-editor.default\">\n\t\t\t\t<div class=\"elementor-widget-container\">\n\t\t\t\t\t\t\t\t\t<p><strong>7 villages vacances situ\u00e9s au c\u0153ur ou \u00e0 proximit\u00e9 de Parcs Naturels R\u00e9gionaux, autant de points de d\u00e9part pour explorer leurs richesses et prolonger l\u2019\u00e9t\u00e9 au grand air :<\/strong><\/p>\t\t\t\t\t\t\t\t<\/div>\n\t\t\t\t<\/div>\n\t\t\t\t<div class=\"elementor-element elementor-element-d1d0d84 elementor-widget elementor-widget-image\" data-id=\"d1d0d84\" data-element_type=\"widget\" data-e-type=\"widget\" data-widget_type=\"image.default\">\n\t\t\t\t<div class=\"elementor-widget-container\">\n\t\t\t\t\t\t\t\t\t\t\t\t\t\t\t<img fetchpriority=\"high\" decoding=\"async\" width=\"525\" height=\"503\" src=\"https:\/\/cestdanslest-ccas.fr\/wp-content\/uploads\/2026\/09\/2Partenariat-parcs-naturels-regionaux-nosoffres.ccas_.png\" class=\"attachment-large size-large wp-image-14895\" alt=\"\" srcset=\"https:\/\/cestdanslest-ccas.fr\/wp-content\/uploads\/2026\/09\/2Partenariat-parcs-naturels-regionaux-nosoffres.ccas_.png 525w, https:\/\/cestdanslest-ccas.fr\/wp-content\/uploads\/2026\/09\/2Partenariat-parcs-naturels-regionaux-nosoffres.ccas_-300x287.png 300w\" sizes=\"(max-width: 525px) 100vw, 525px\" \/>\t\t\t\t\t\t\t\t\t\t\t\t\t\t\t<\/div>\n\t\t\t\t<\/div>\n\t\t\t\t\t<\/div>\n\t\t<\/div>\n\t\t\t\t\t<\/div>\n\t\t<\/section>\n\t\t\t\t<section class=\"elementor-section elementor-top-section elementor-element elementor-element-05e20ef elementor-section-boxed elementor-section-height-default elementor-section-height-default wpr-particle-no wpr-jarallax-no wpr-parallax-no wpr-sticky-section-no wpr-column-slider-no wpr-equal-height-no\" data-id=\"05e20ef\" data-element_type=\"section\" data-e-type=\"section\">\n\t\t\t\t\t\t<div class=\"elementor-container elementor-column-gap-default\">\n\t\t\t\t\t<div class=\"elementor-column elementor-col-100 elementor-top-column elementor-element elementor-element-48c6104\" data-id=\"48c6104\" data-element_type=\"column\" data-e-type=\"column\">\n\t\t\t<div class=\"elementor-widget-wrap elementor-element-populated\">\n\t\t\t\t\t\t<div class=\"elementor-element elementor-element-4d52742 elementor-widget elementor-widget-spacer\" data-id=\"4d52742\" data-element_type=\"widget\" data-e-type=\"widget\" data-widget_type=\"spacer.default\">\n\t\t\t\t<div class=\"elementor-widget-container\">\n\t\t\t\t\t\t\t<div class=\"elementor-spacer\">\n\t\t\t<div class=\"elementor-spacer-inner\"><\/div>\n\t\t<\/div>\n\t\t\t\t\t\t<\/div>\n\t\t\t\t<\/div>\n\t\t\t\t\t<\/div>\n\t\t<\/div>\n\t\t\t\t\t<\/div>\n\t\t<\/section>\n\t\t\t\t<section class=\"elementor-section elementor-top-section elementor-element elementor-element-24876f4 elementor-section-boxed elementor-section-height-default elementor-section-height-default wpr-particle-no wpr-jarallax-no wpr-parallax-no wpr-sticky-section-no wpr-column-slider-no wpr-equal-height-no\" data-id=\"24876f4\" data-element_type=\"section\" data-e-type=\"section\">\n\t\t\t\t\t\t<div class=\"elementor-container elementor-column-gap-default\">\n\t\t\t\t\t<div class=\"elementor-column elementor-col-100 elementor-top-column elementor-element elementor-element-3abe383\" data-id=\"3abe383\" data-element_type=\"column\" data-e-type=\"column\">\n\t\t\t<div class=\"elementor-widget-wrap elementor-element-populated\">\n\t\t\t\t\t\t<div class=\"elementor-element elementor-element-19b576b elementor-widget elementor-widget-text-editor\" data-id=\"19b576b\" data-element_type=\"widget\" data-e-type=\"widget\" data-widget_type=\"text-editor.default\">\n\t\t\t\t<div class=\"elementor-widget-container\">\n\t\t\t\t\t\t\t\t\t<p><em>Publi\u00e9 le 04\/09\/2026<\/em><\/p>\t\t\t\t\t\t\t\t<\/div>\n\t\t\t\t<\/div>\n\t\t\t\t\t<\/div>\n\t\t<\/div>\n\t\t\t\t\t<\/div>\n\t\t<\/section>\n\t\t\t\t<section class=\"elementor-section elementor-top-section elementor-element elementor-element-d5b2212 elementor-section-boxed elementor-section-height-default elementor-section-height-default wpr-particle-no wpr-jarallax-no wpr-parallax-no wpr-sticky-section-no wpr-column-slider-no wpr-equal-height-no\" data-id=\"d5b2212\" data-element_type=\"section\" data-e-type=\"section\">\n\t\t\t\t\t\t<div class=\"elementor-container elementor-column-gap-default\">\n\t\t\t\t\t<div class=\"elementor-column elementor-col-100 elementor-top-column elementor-element elementor-element-5988ab9\" data-id=\"5988ab9\" data-element_type=\"column\" data-e-type=\"column\">\n\t\t\t<div class=\"elementor-widget-wrap elementor-element-populated\">\n\t\t\t\t\t\t<div class=\"elementor-element elementor-element-415c732 elementor-widget elementor-widget-spacer\" data-id=\"415c732\" data-element_type=\"widget\" data-e-type=\"widget\" data-widget_type=\"spacer.default\">\n\t\t\t\t<div class=\"elementor-widget-container\">\n\t\t\t\t\t\t\t<div class=\"elementor-spacer\">\n\t\t\t<div class=\"elementor-spacer-inner\"><\/div>\n\t\t<\/div>\n\t\t\t\t\t\t<\/div>\n\t\t\t\t<\/div>\n\t\t\t\t\t<\/div>\n\t\t<\/div>\n\t\t\t\t\t<\/div>\n\t\t<\/section>\n\t\t\t\t<\/div>\n\t\t","protected":false},"excerpt":{"rendered":"<p>Les parcs naturels s&rsquo;offrent \u00e0 nous La CCAS et la F\u00e9d\u00e9ration des Parcs naturels r\u00e9gionaux de France (FPNRF) s\u2019associent jusqu\u2019en 2029 pour enrichir les s\u00e9jours et favoriser un tourisme plus durable, ancr\u00e9 dans les territoires. L\u2019objectif ? Permettre de profiter pleinement des richesses qui entourent les lieux de vacances : activit\u00e9s de pleine nature, randonn\u00e9es, d\u00e9couvertes culturelles, rencontres avec des acteurs locaux, patrimoine et savoir-faire\u2026 Et l\u2019arri\u00e8re-saison est particuli\u00e8rement propice \u00e0 l\u2019exploration. Premi\u00e8res couleurs d\u2019automne, migrations, paysages qui se transforment, faune et flore \u00e0 observer\u2026\u00a0 Retrouvez les fiches des 7 villages vacances ici. 7 villages vacances situ\u00e9s au c\u0153ur ou \u00e0 proximit\u00e9 de Parcs Naturels R\u00e9gionaux, autant de points de d\u00e9part pour explorer leurs richesses et prolonger l\u2019\u00e9t\u00e9 au grand air : Publi\u00e9 le 04\/09\/2026<\/p>\n","protected":false},"author":18,"featured_media":14892,"comment_status":"closed","ping_status":"closed","sticky":false,"template":"elementor_header_footer","format":"standard","meta":{"_monsterinsights_skip_tracking":false,"footnotes":""},"categories":[30,15],"tags":[],"class_list":["post-14891","post","type-post","status-publish","format-standard","has-post-thumbnail","hentry","category-actu-de-la-plaque","category-sejours-activites"],"yoast_head":"<!-- This site is optimized with the Yoast SEO plugin v28.4 - https:\/\/yoast.com\/product\/yoast-seo-wordpress\/ -->\n<title>Les parcs naturels s&#039;ouvrent \u00e0 nous - CCAS<\/title>\n<meta name=\"robots\" content=\"noindex, follow, max-snippet:-1, max-image-preview:large, max-video-preview:-1\" \/>\n<meta property=\"og:locale\" content=\"fr_FR\" \/>\n<meta property=\"og:type\" content=\"article\" \/>\n<meta property=\"og:title\" content=\"Les parcs naturels s&#039;ouvrent \u00e0 nous - CCAS\" \/>\n<meta property=\"og:description\" content=\"Les parcs naturels s&rsquo;offrent \u00e0 nous La CCAS et la F\u00e9d\u00e9ration des Parcs naturels r\u00e9gionaux de France (FPNRF) s\u2019associent jusqu\u2019en 2029 pour enrichir les s\u00e9jours et favoriser un tourisme plus durable, ancr\u00e9 dans les territoires. L\u2019objectif ? Permettre de profiter pleinement des richesses qui entourent les lieux de vacances : activit\u00e9s de pleine nature, randonn\u00e9es, d\u00e9couvertes culturelles, rencontres avec des acteurs locaux, patrimoine et savoir-faire\u2026 Et l\u2019arri\u00e8re-saison est particuli\u00e8rement propice \u00e0 l\u2019exploration. Premi\u00e8res couleurs d\u2019automne, migrations, paysages qui se transforment, faune et flore \u00e0 observer\u2026\u00a0 Retrouvez les fiches des 7 villages vacances ici. 7 villages vacances situ\u00e9s au c\u0153ur ou \u00e0 proximit\u00e9 de Parcs Naturels R\u00e9gionaux, autant de points de d\u00e9part pour explorer leurs richesses et prolonger l\u2019\u00e9t\u00e9 au grand air : Publi\u00e9 le 04\/09\/2026\" \/>\n<meta property=\"og:url\" content=\"https:\/\/cestdanslest-ccas.fr\/index.php\/2026\/09\/04\/les-parcs-naturels-souvrent-a-nous\/\" \/>\n<meta property=\"og:site_name\" content=\"CCAS\" \/>\n<meta property=\"article:published_time\" content=\"2026-09-04T03:28:00+00:00\" \/>\n<meta property=\"og:image\" content=\"https:\/\/cestdanslest-ccas.fr\/wp-content\/uploads\/2026\/09\/parcs-naturels-en-france.png\" \/>\n\t<meta property=\"og:image:width\" content=\"300\" \/>\n\t<meta property=\"og:image:height\" content=\"300\" \/>\n\t<meta property=\"og:image:type\" content=\"image\/png\" \/>\n<meta name=\"author\" content=\"Marianne Feite\" \/>\n<meta name=\"twitter:card\" content=\"summary_large_image\" \/>\n<meta name=\"twitter:label1\" content=\"\u00c9crit par\" \/>\n\t<meta name=\"twitter:data1\" content=\"Marianne Feite\" \/>\n\t<meta name=\"twitter:label2\" content=\"Dur\u00e9e de lecture estim\u00e9e\" \/>\n\t<meta name=\"twitter:data2\" content=\"2 minutes\" \/>\n<script type=\"application\/ld+json\" class=\"yoast-schema-graph\">{\"@context\":\"https:\\\/\\\/schema.org\",\"@graph\":[{\"@type\":\"Article\",\"@id\":\"https:\\\/\\\/cestdanslest-ccas.fr\\\/index.php\\\/2026\\\/09\\\/04\\\/les-parcs-naturels-souvrent-a-nous\\\/#article\",\"isPartOf\":{\"@id\":\"https:\\\/\\\/cestdanslest-ccas.fr\\\/index.php\\\/2026\\\/09\\\/04\\\/les-parcs-naturels-souvrent-a-nous\\\/\"},\"author\":{\"name\":\"Marianne Feite\",\"@id\":\"https:\\\/\\\/cestdanslest-ccas.fr\\\/#\\\/schema\\\/person\\\/a2559eeb9be3225d5baa4fcf005086e9\"},\"headline\":\"Les parcs naturels s&rsquo;ouvrent \u00e0 nous\",\"datePublished\":\"2026-09-04T03:28:00+00:00\",\"mainEntityOfPage\":{\"@id\":\"https:\\\/\\\/cestdanslest-ccas.fr\\\/index.php\\\/2026\\\/09\\\/04\\\/les-parcs-naturels-souvrent-a-nous\\\/\"},\"wordCount\":142,\"publisher\":{\"@id\":\"https:\\\/\\\/cestdanslest-ccas.fr\\\/#organization\"},\"image\":{\"@id\":\"https:\\\/\\\/cestdanslest-ccas.fr\\\/index.php\\\/2026\\\/09\\\/04\\\/les-parcs-naturels-souvrent-a-nous\\\/#primaryimage\"},\"thumbnailUrl\":\"https:\\\/\\\/cestdanslest-ccas.fr\\\/wp-content\\\/uploads\\\/2026\\\/09\\\/parcs-naturels-en-france.png\",\"articleSection\":[\"Actu de la Plaque\",\"S\u00e9jours Activit\u00e9s\"],\"inLanguage\":\"fr-FR\"},{\"@type\":\"WebPage\",\"@id\":\"https:\\\/\\\/cestdanslest-ccas.fr\\\/index.php\\\/2026\\\/09\\\/04\\\/les-parcs-naturels-souvrent-a-nous\\\/\",\"url\":\"https:\\\/\\\/cestdanslest-ccas.fr\\\/index.php\\\/2026\\\/09\\\/04\\\/les-parcs-naturels-souvrent-a-nous\\\/\",\"name\":\"Les parcs naturels s'ouvrent \u00e0 nous - CCAS\",\"isPartOf\":{\"@id\":\"https:\\\/\\\/cestdanslest-ccas.fr\\\/#website\"},\"primaryImageOfPage\":{\"@id\":\"https:\\\/\\\/cestdanslest-ccas.fr\\\/index.php\\\/2026\\\/09\\\/04\\\/les-parcs-naturels-souvrent-a-nous\\\/#primaryimage\"},\"image\":{\"@id\":\"https:\\\/\\\/cestdanslest-ccas.fr\\\/index.php\\\/2026\\\/09\\\/04\\\/les-parcs-naturels-souvrent-a-nous\\\/#primaryimage\"},\"thumbnailUrl\":\"https:\\\/\\\/cestdanslest-ccas.fr\\\/wp-content\\\/uploads\\\/2026\\\/09\\\/parcs-naturels-en-france.png\",\"datePublished\":\"2026-09-04T03:28:00+00:00\",\"breadcrumb\":{\"@id\":\"https:\\\/\\\/cestdanslest-ccas.fr\\\/index.php\\\/2026\\\/09\\\/04\\\/les-parcs-naturels-souvrent-a-nous\\\/#breadcrumb\"},\"inLanguage\":\"fr-FR\",\"potentialAction\":[{\"@type\":\"ReadAction\",\"target\":[\"https:\\\/\\\/cestdanslest-ccas.fr\\\/index.php\\\/2026\\\/09\\\/04\\\/les-parcs-naturels-souvrent-a-nous\\\/\"]}]},{\"@type\":\"ImageObject\",\"inLanguage\":\"fr-FR\",\"@id\":\"https:\\\/\\\/cestdanslest-ccas.fr\\\/index.php\\\/2026\\\/09\\\/04\\\/les-parcs-naturels-souvrent-a-nous\\\/#primaryimage\",\"url\":\"https:\\\/\\\/cestdanslest-ccas.fr\\\/wp-content\\\/uploads\\\/2026\\\/09\\\/parcs-naturels-en-france.png\",\"contentUrl\":\"https:\\\/\\\/cestdanslest-ccas.fr\\\/wp-content\\\/uploads\\\/2026\\\/09\\\/parcs-naturels-en-france.png\",\"width\":300,\"height\":300},{\"@type\":\"BreadcrumbList\",\"@id\":\"https:\\\/\\\/cestdanslest-ccas.fr\\\/index.php\\\/2026\\\/09\\\/04\\\/les-parcs-naturels-souvrent-a-nous\\\/#breadcrumb\",\"itemListElement\":[{\"@type\":\"ListItem\",\"position\":1,\"name\":\"Accueil\",\"item\":\"https:\\\/\\\/cestdanslest-ccas.fr\\\/\"},{\"@type\":\"ListItem\",\"position\":2,\"name\":\"Les parcs naturels s&rsquo;ouvrent \u00e0 nous\"}]},{\"@type\":\"WebSite\",\"@id\":\"https:\\\/\\\/cestdanslest-ccas.fr\\\/#website\",\"url\":\"https:\\\/\\\/cestdanslest-ccas.fr\\\/\",\"name\":\"CCAS\",\"description\":\"\",\"publisher\":{\"@id\":\"https:\\\/\\\/cestdanslest-ccas.fr\\\/#organization\"},\"potentialAction\":[{\"@type\":\"SearchAction\",\"target\":{\"@type\":\"EntryPoint\",\"urlTemplate\":\"https:\\\/\\\/cestdanslest-ccas.fr\\\/?s={search_term_string}\"},\"query-input\":{\"@type\":\"PropertyValueSpecification\",\"valueRequired\":true,\"valueName\":\"search_term_string\"}}],\"inLanguage\":\"fr-FR\"},{\"@type\":\"Organization\",\"@id\":\"https:\\\/\\\/cestdanslest-ccas.fr\\\/#organization\",\"name\":\"CCAS\",\"url\":\"https:\\\/\\\/cestdanslest-ccas.fr\\\/\",\"logo\":{\"@type\":\"ImageObject\",\"inLanguage\":\"fr-FR\",\"@id\":\"https:\\\/\\\/cestdanslest-ccas.fr\\\/#\\\/schema\\\/logo\\\/image\\\/\",\"url\":\"https:\\\/\\\/cestdanslest-ccas.fr\\\/wp-content\\\/uploads\\\/2023\\\/08\\\/Plan-de-travail-1-1.png\",\"contentUrl\":\"https:\\\/\\\/cestdanslest-ccas.fr\\\/wp-content\\\/uploads\\\/2023\\\/08\\\/Plan-de-travail-1-1.png\",\"width\":777,\"height\":224,\"caption\":\"CCAS\"},\"image\":{\"@id\":\"https:\\\/\\\/cestdanslest-ccas.fr\\\/#\\\/schema\\\/logo\\\/image\\\/\"}},{\"@type\":\"Person\",\"@id\":\"https:\\\/\\\/cestdanslest-ccas.fr\\\/#\\\/schema\\\/person\\\/a2559eeb9be3225d5baa4fcf005086e9\",\"name\":\"Marianne Feite\",\"image\":{\"@type\":\"ImageObject\",\"inLanguage\":\"fr-FR\",\"@id\":\"https:\\\/\\\/secure.gravatar.com\\\/avatar\\\/77349ee25b6b235fc22d980ea06ea8eb6da21c266f626027e9bf0103c521213d?s=96&d=mm&r=g\",\"url\":\"https:\\\/\\\/secure.gravatar.com\\\/avatar\\\/77349ee25b6b235fc22d980ea06ea8eb6da21c266f626027e9bf0103c521213d?s=96&d=mm&r=g\",\"contentUrl\":\"https:\\\/\\\/secure.gravatar.com\\\/avatar\\\/77349ee25b6b235fc22d980ea06ea8eb6da21c266f626027e9bf0103c521213d?s=96&d=mm&r=g\",\"caption\":\"Marianne Feite\"},\"url\":\"https:\\\/\\\/cestdanslest-ccas.fr\\\/index.php\\\/author\\\/marianne-feiteasmeg-org\\\/\"}]}<\/script>\n<!-- \/ Yoast SEO plugin. -->","yoast_head_json":{"title":"Les parcs naturels s'ouvrent \u00e0 nous - CCAS","robots":{"index":"noindex","follow":"follow","max-snippet":"max-snippet:-1","max-image-preview":"max-image-preview:large","max-video-preview":"max-video-preview:-1"},"og_locale":"fr_FR","og_type":"article","og_title":"Les parcs naturels s'ouvrent \u00e0 nous - CCAS","og_description":"Les parcs naturels s&rsquo;offrent \u00e0 nous La CCAS et la F\u00e9d\u00e9ration des Parcs naturels r\u00e9gionaux de France (FPNRF) s\u2019associent jusqu\u2019en 2029 pour enrichir les s\u00e9jours et favoriser un tourisme plus durable, ancr\u00e9 dans les territoires. L\u2019objectif ? Permettre de profiter pleinement des richesses qui entourent les lieux de vacances : activit\u00e9s de pleine nature, randonn\u00e9es, d\u00e9couvertes culturelles, rencontres avec des acteurs locaux, patrimoine et savoir-faire\u2026 Et l\u2019arri\u00e8re-saison est particuli\u00e8rement propice \u00e0 l\u2019exploration. Premi\u00e8res couleurs d\u2019automne, migrations, paysages qui se transforment, faune et flore \u00e0 observer\u2026\u00a0 Retrouvez les fiches des 7 villages vacances ici. 7 villages vacances situ\u00e9s au c\u0153ur ou \u00e0 proximit\u00e9 de Parcs Naturels R\u00e9gionaux, autant de points de d\u00e9part pour explorer leurs richesses et prolonger l\u2019\u00e9t\u00e9 au grand air : Publi\u00e9 le 04\/09\/2026","og_url":"https:\/\/cestdanslest-ccas.fr\/index.php\/2026\/09\/04\/les-parcs-naturels-souvrent-a-nous\/","og_site_name":"CCAS","article_published_time":"2026-09-04T03:28:00+00:00","og_image":[{"width":300,"height":300,"url":"https:\/\/cestdanslest-ccas.fr\/wp-content\/uploads\/2026\/09\/parcs-naturels-en-france.png","type":"image\/png"}],"author":"Marianne Feite","twitter_card":"summary_large_image","twitter_misc":{"\u00c9crit par":"Marianne Feite","Dur\u00e9e de lecture estim\u00e9e":"2 minutes"},"schema":{"@context":"https:\/\/schema.org","@graph":[{"@type":"Article","@id":"https:\/\/cestdanslest-ccas.fr\/index.php\/2026\/09\/04\/les-parcs-naturels-souvrent-a-nous\/#article","isPartOf":{"@id":"https:\/\/cestdanslest-ccas.fr\/index.php\/2026\/09\/04\/les-parcs-naturels-souvrent-a-nous\/"},"author":{"name":"Marianne Feite","@id":"https:\/\/cestdanslest-ccas.fr\/#\/schema\/person\/a2559eeb9be3225d5baa4fcf005086e9"},"headline":"Les parcs naturels s&rsquo;ouvrent \u00e0 nous","datePublished":"2026-09-04T03:28:00+00:00","mainEntityOfPage":{"@id":"https:\/\/cestdanslest-ccas.fr\/index.php\/2026\/09\/04\/les-parcs-naturels-souvrent-a-nous\/"},"wordCount":142,"publisher":{"@id":"https:\/\/cestdanslest-ccas.fr\/#organization"},"image":{"@id":"https:\/\/cestdanslest-ccas.fr\/index.php\/2026\/09\/04\/les-parcs-naturels-souvrent-a-nous\/#primaryimage"},"thumbnailUrl":"https:\/\/cestdanslest-ccas.fr\/wp-content\/uploads\/2026\/09\/parcs-naturels-en-france.png","articleSection":["Actu de la Plaque","S\u00e9jours Activit\u00e9s"],"inLanguage":"fr-FR"},{"@type":"WebPage","@id":"https:\/\/cestdanslest-ccas.fr\/index.php\/2026\/09\/04\/les-parcs-naturels-souvrent-a-nous\/","url":"https:\/\/cestdanslest-ccas.fr\/index.php\/2026\/09\/04\/les-parcs-naturels-souvrent-a-nous\/","name":"Les parcs naturels s'ouvrent \u00e0 nous - CCAS","isPartOf":{"@id":"https:\/\/cestdanslest-ccas.fr\/#website"},"primaryImageOfPage":{"@id":"https:\/\/cestdanslest-ccas.fr\/index.php\/2026\/09\/04\/les-parcs-naturels-souvrent-a-nous\/#primaryimage"},"image":{"@id":"https:\/\/cestdanslest-ccas.fr\/index.php\/2026\/09\/04\/les-parcs-naturels-souvrent-a-nous\/#primaryimage"},"thumbnailUrl":"https:\/\/cestdanslest-ccas.fr\/wp-content\/uploads\/2026\/09\/parcs-naturels-en-france.png","datePublished":"2026-09-04T03:28:00+00:00","breadcrumb":{"@id":"https:\/\/cestdanslest-ccas.fr\/index.php\/2026\/09\/04\/les-parcs-naturels-souvrent-a-nous\/#breadcrumb"},"inLanguage":"fr-FR","potentialAction":[{"@type":"ReadAction","target":["https:\/\/cestdanslest-ccas.fr\/index.php\/2026\/09\/04\/les-parcs-naturels-souvrent-a-nous\/"]}]},{"@type":"ImageObject","inLanguage":"fr-FR","@id":"https:\/\/cestdanslest-ccas.fr\/index.php\/2026\/09\/04\/les-parcs-naturels-souvrent-a-nous\/#primaryimage","url":"https:\/\/cestdanslest-ccas.fr\/wp-content\/uploads\/2026\/09\/parcs-naturels-en-france.png","contentUrl":"https:\/\/cestdanslest-ccas.fr\/wp-content\/uploads\/2026\/09\/parcs-naturels-en-france.png","width":300,"height":300},{"@type":"BreadcrumbList","@id":"https:\/\/cestdanslest-ccas.fr\/index.php\/2026\/09\/04\/les-parcs-naturels-souvrent-a-nous\/#breadcrumb","itemListElement":[{"@type":"ListItem","position":1,"name":"Accueil","item":"https:\/\/cestdanslest-ccas.fr\/"},{"@type":"ListItem","position":2,"name":"Les parcs naturels s&rsquo;ouvrent \u00e0 nous"}]},{"@type":"WebSite","@id":"https:\/\/cestdanslest-ccas.fr\/#website","url":"https:\/\/cestdanslest-ccas.fr\/","name":"CCAS","description":"","publisher":{"@id":"https:\/\/cestdanslest-ccas.fr\/#organization"},"potentialAction":[{"@type":"SearchAction","target":{"@type":"EntryPoint","urlTemplate":"https:\/\/cestdanslest-ccas.fr\/?s={search_term_string}"},"query-input":{"@type":"PropertyValueSpecification","valueRequired":true,"valueName":"search_term_string"}}],"inLanguage":"fr-FR"},{"@type":"Organization","@id":"https:\/\/cestdanslest-ccas.fr\/#organization","name":"CCAS","url":"https:\/\/cestdanslest-ccas.fr\/","logo":{"@type":"ImageObject","inLanguage":"fr-FR","@id":"https:\/\/cestdanslest-ccas.fr\/#\/schema\/logo\/image\/","url":"https:\/\/cestdanslest-ccas.fr\/wp-content\/uploads\/2023\/08\/Plan-de-travail-1-1.png","contentUrl":"https:\/\/cestdanslest-ccas.fr\/wp-content\/uploads\/2023\/08\/Plan-de-travail-1-1.png","width":777,"height":224,"caption":"CCAS"},"image":{"@id":"https:\/\/cestdanslest-ccas.fr\/#\/schema\/logo\/image\/"}},{"@type":"Person","@id":"https:\/\/cestdanslest-ccas.fr\/#\/schema\/person\/a2559eeb9be3225d5baa4fcf005086e9","name":"Marianne Feite","image":{"@type":"ImageObject","inLanguage":"fr-FR","@id":"https:\/\/secure.gravatar.com\/avatar\/77349ee25b6b235fc22d980ea06ea8eb6da21c266f626027e9bf0103c521213d?s=96&d=mm&r=g","url":"https:\/\/secure.gravatar.com\/avatar\/77349ee25b6b235fc22d980ea06ea8eb6da21c266f626027e9bf0103c521213d?s=96&d=mm&r=g","contentUrl":"https:\/\/secure.gravatar.com\/avatar\/77349ee25b6b235fc22d980ea06ea8eb6da21c266f626027e9bf0103c521213d?s=96&d=mm&r=g","caption":"Marianne Feite"},"url":"https:\/\/cestdanslest-ccas.fr\/index.php\/author\/marianne-feiteasmeg-org\/"}]}},"_links":{"self":[{"href":"https:\/\/cestdanslest-ccas.fr\/index.php\/wp-json\/wp\/v2\/posts\/14891","targetHints":{"allow":["GET"]}}],"collection":[{"href":"https:\/\/cestdanslest-ccas.fr\/index.php\/wp-json\/wp\/v2\/posts"}],"about":[{"href":"https:\/\/cestdanslest-ccas.fr\/index.php\/wp-json\/wp\/v2\/types\/post"}],"author":[{"embeddable":true,"href":"https:\/\/cestdanslest-ccas.fr\/index.php\/wp-json\/wp\/v2\/users\/18"}],"replies":[{"embeddable":true,"href":"https:\/\/cestdanslest-ccas.fr\/index.php\/wp-json\/wp\/v2\/comments?post=14891"}],"version-history":[{"count":4,"href":"https:\/\/cestdanslest-ccas.fr\/index.php\/wp-json\/wp\/v2\/posts\/14891\/revisions"}],"predecessor-version":[{"id":14898,"href":"https:\/\/cestdanslest-ccas.fr\/index.php\/wp-json\/wp\/v2\/posts\/14891\/revisions\/14898"}],"wp:featuredmedia":[{"embeddable":true,"href":"https:\/\/cestdanslest-ccas.fr\/index.php\/wp-json\/wp\/v2\/media\/14892"}],"wp:attachment":[{"href":"https:\/\/cestdanslest-ccas.fr\/index.php\/wp-json\/wp\/v2\/media?parent=14891"}],"wp:term":[{"taxonomy":"category","embeddable":true,"href":"https:\/\/cestdanslest-ccas.fr\/index.php\/wp-json\/wp\/v2\/categories?post=14891"},{"taxonomy":"post_tag","embeddable":true,"href":"https:\/\/cestdanslest-ccas.fr\/index.php\/wp-json\/wp\/v2\/tags?post=14891"}],"curies":[{"name":"wp","href":"https:\/\/api.w.org\/{rel}","templated":true}]}}