{"id":14776,"date":"2026-08-31T06:39:00","date_gmt":"2026-08-31T04:39:00","guid":{"rendered":"https:\/\/cestdanslest-ccas.fr\/?p=14776"},"modified":"2026-09-01T10:33:34","modified_gmt":"2026-09-01T08:33:34","slug":"les-ados-seclatent-en-bourgogne-franche-comte","status":"publish","type":"post","link":"https:\/\/cestdanslest-ccas.fr\/index.php\/2026\/08\/31\/les-ados-seclatent-en-bourgogne-franche-comte\/","title":{"rendered":"Les ados s&rsquo;\u00e9clatent en Bourgogne-Franche-Comt\u00e9"},"content":{"rendered":"\t\t<div data-elementor-type=\"wp-post\" data-elementor-id=\"14776\" class=\"elementor elementor-14776\">\n\t\t\t\t\t\t<section class=\"elementor-section elementor-top-section elementor-element elementor-element-592ba750 elementor-section-boxed elementor-section-height-default elementor-section-height-default wpr-particle-no wpr-jarallax-no wpr-parallax-no wpr-sticky-section-no wpr-column-slider-no wpr-equal-height-no\" data-id=\"592ba750\" data-element_type=\"section\" data-e-type=\"section\">\n\t\t\t\t\t\t<div class=\"elementor-container elementor-column-gap-default\">\n\t\t\t\t\t<div class=\"elementor-column elementor-col-100 elementor-top-column elementor-element elementor-element-3a7b35f9\" data-id=\"3a7b35f9\" data-element_type=\"column\" data-e-type=\"column\">\n\t\t\t<div class=\"elementor-widget-wrap elementor-element-populated\">\n\t\t\t\t\t\t<div class=\"elementor-element elementor-element-78c18530 elementor-widget elementor-widget-spacer\" data-id=\"78c18530\" data-element_type=\"widget\" data-e-type=\"widget\" data-widget_type=\"spacer.default\">\n\t\t\t\t<div class=\"elementor-widget-container\">\n\t\t\t\t\t\t\t<div class=\"elementor-spacer\">\n\t\t\t<div class=\"elementor-spacer-inner\"><\/div>\n\t\t<\/div>\n\t\t\t\t\t\t<\/div>\n\t\t\t\t<\/div>\n\t\t\t\t\t<\/div>\n\t\t<\/div>\n\t\t\t\t\t<\/div>\n\t\t<\/section>\n\t\t\t\t<section class=\"elementor-section elementor-top-section elementor-element elementor-element-271589b8 elementor-section-boxed elementor-section-height-default elementor-section-height-default wpr-particle-no wpr-jarallax-no wpr-parallax-no wpr-sticky-section-no wpr-column-slider-no wpr-equal-height-no\" data-id=\"271589b8\" data-element_type=\"section\" data-e-type=\"section\">\n\t\t\t\t\t\t<div class=\"elementor-container elementor-column-gap-default\">\n\t\t\t\t\t<div class=\"elementor-column elementor-col-100 elementor-top-column elementor-element elementor-element-6751e51\" data-id=\"6751e51\" data-element_type=\"column\" data-e-type=\"column\">\n\t\t\t<div class=\"elementor-widget-wrap elementor-element-populated\">\n\t\t\t\t\t\t<div class=\"elementor-element elementor-element-6adb2bd2 elementor-widget elementor-widget-heading\" data-id=\"6adb2bd2\" data-element_type=\"widget\" data-e-type=\"widget\" data-widget_type=\"heading.default\">\n\t\t\t\t<div class=\"elementor-widget-container\">\n\t\t\t\t\t<h2 class=\"elementor-heading-title elementor-size-default\">Cet \u00e9t\u00e9, les ados ont assur\u00e9 !<\/h2>\t\t\t\t<\/div>\n\t\t\t\t<\/div>\n\t\t\t\t\t<\/div>\n\t\t<\/div>\n\t\t\t\t\t<\/div>\n\t\t<\/section>\n\t\t\t\t<section class=\"elementor-section elementor-top-section elementor-element elementor-element-385acf9e elementor-section-boxed elementor-section-height-default elementor-section-height-default wpr-particle-no wpr-jarallax-no wpr-parallax-no wpr-sticky-section-no wpr-column-slider-no wpr-equal-height-no\" data-id=\"385acf9e\" data-element_type=\"section\" data-e-type=\"section\">\n\t\t\t\t\t\t<div class=\"elementor-container elementor-column-gap-default\">\n\t\t\t\t\t<div class=\"elementor-column elementor-col-100 elementor-top-column elementor-element elementor-element-47906805\" data-id=\"47906805\" data-element_type=\"column\" data-e-type=\"column\">\n\t\t\t<div class=\"elementor-widget-wrap elementor-element-populated\">\n\t\t\t\t\t\t<div class=\"elementor-element elementor-element-5fde05b8 elementor-widget elementor-widget-text-editor\" data-id=\"5fde05b8\" data-element_type=\"widget\" data-e-type=\"widget\" data-widget_type=\"text-editor.default\">\n\t\t\t\t<div class=\"elementor-widget-container\">\n\t\t\t\t\t\t\t\t\t<p>Cet \u00e9t\u00e9, les ados venus s\u00e9journer sur le territoire Bourgogne-Franche-Comt\u00e9 ont pleinement profit\u00e9 de leurs vacances ! Entre d\u00e9couvertes, activit\u00e9s et moments de partage, ils ont v\u00e9cu de belles exp\u00e9riences et sont repartis avec de nombreux souvenirs en t\u00eate.<\/p>\t\t\t\t\t\t\t\t<\/div>\n\t\t\t\t<\/div>\n\t\t\t\t<div class=\"elementor-element elementor-element-51537e1d elementor-widget elementor-widget-image-gallery\" data-id=\"51537e1d\" data-element_type=\"widget\" data-e-type=\"widget\" data-widget_type=\"image-gallery.default\">\n\t\t\t\t<div class=\"elementor-widget-container\">\n\t\t\t\t\t\t\t<div class=\"elementor-image-gallery\">\n\t\t\t\n<a data-elementor-open-lightbox=\"yes\" data-elementor-lightbox-slideshow=\"51537e1d\" data-elementor-lightbox-title=\"acm - \u00e9t\u00e9 - bfc - juillet - morbier mouthe_0026_100_0815\" data-e-action-hash=\"#elementor-action%3Aaction%3Dlightbox%26settings%3DeyJpZCI6MTQ3NzgsInVybCI6Imh0dHBzOlwvXC9jZXN0ZGFuc2xlc3QtY2Nhcy5mclwvd3AtY29udGVudFwvdXBsb2Fkc1wvMjAyNlwvMDhcL2FjbS1ldGUtYmZjLWp1aWxsZXQtbW9yYmllci1tb3V0aGVfMDAyNl8xMDBfMDgxNS5qcGciLCJzbGlkZXNob3ciOiI1MTUzN2UxZCJ9\" href='https:\/\/cestdanslest-ccas.fr\/wp-content\/uploads\/2026\/08\/acm-ete-bfc-juillet-morbier-mouthe_0026_100_0815.jpg'><img fetchpriority=\"high\" decoding=\"async\" width=\"800\" height=\"554\" src=\"https:\/\/cestdanslest-ccas.fr\/wp-content\/uploads\/2026\/08\/acm-ete-bfc-juillet-morbier-mouthe_0026_100_0815-1024x709.jpg\" class=\"attachment-large size-large\" alt=\"\" srcset=\"https:\/\/cestdanslest-ccas.fr\/wp-content\/uploads\/2026\/08\/acm-ete-bfc-juillet-morbier-mouthe_0026_100_0815-1024x709.jpg 1024w, https:\/\/cestdanslest-ccas.fr\/wp-content\/uploads\/2026\/08\/acm-ete-bfc-juillet-morbier-mouthe_0026_100_0815-300x208.jpg 300w, https:\/\/cestdanslest-ccas.fr\/wp-content\/uploads\/2026\/08\/acm-ete-bfc-juillet-morbier-mouthe_0026_100_0815-768x532.jpg 768w, https:\/\/cestdanslest-ccas.fr\/wp-content\/uploads\/2026\/08\/acm-ete-bfc-juillet-morbier-mouthe_0026_100_0815.jpg 1535w\" sizes=\"(max-width: 800px) 100vw, 800px\" \/><\/a>\n<a data-elementor-open-lightbox=\"yes\" data-elementor-lightbox-slideshow=\"51537e1d\" data-elementor-lightbox-title=\"acm - \u00e9t\u00e9 - aout - bfc_0000_778736026_1064237746150972_8647450065102650177_n\" data-e-action-hash=\"#elementor-action%3Aaction%3Dlightbox%26settings%3DeyJpZCI6MTQ3NzksInVybCI6Imh0dHBzOlwvXC9jZXN0ZGFuc2xlc3QtY2Nhcy5mclwvd3AtY29udGVudFwvdXBsb2Fkc1wvMjAyNlwvMDhcL2FjbS1ldGUtYW91dC1iZmNfMDAwMF83Nzg3MzYwMjZfMTA2NDIzNzc0NjE1MDk3Ml84NjQ3NDUwMDY1MTAyNjUwMTc3X24uanBnIiwic2xpZGVzaG93IjoiNTE1MzdlMWQifQ%3D%3D\" href='https:\/\/cestdanslest-ccas.fr\/wp-content\/uploads\/2026\/08\/acm-ete-aout-bfc_0000_778736026_1064237746150972_8647450065102650177_n.jpg'><img decoding=\"async\" width=\"800\" height=\"554\" src=\"https:\/\/cestdanslest-ccas.fr\/wp-content\/uploads\/2026\/08\/acm-ete-aout-bfc_0000_778736026_1064237746150972_8647450065102650177_n-1024x709.jpg\" class=\"attachment-large size-large\" alt=\"\" srcset=\"https:\/\/cestdanslest-ccas.fr\/wp-content\/uploads\/2026\/08\/acm-ete-aout-bfc_0000_778736026_1064237746150972_8647450065102650177_n-1024x709.jpg 1024w, https:\/\/cestdanslest-ccas.fr\/wp-content\/uploads\/2026\/08\/acm-ete-aout-bfc_0000_778736026_1064237746150972_8647450065102650177_n-300x208.jpg 300w, https:\/\/cestdanslest-ccas.fr\/wp-content\/uploads\/2026\/08\/acm-ete-aout-bfc_0000_778736026_1064237746150972_8647450065102650177_n-768x532.jpg 768w, https:\/\/cestdanslest-ccas.fr\/wp-content\/uploads\/2026\/08\/acm-ete-aout-bfc_0000_778736026_1064237746150972_8647450065102650177_n.jpg 1535w\" sizes=\"(max-width: 800px) 100vw, 800px\" \/><\/a>\n<a data-elementor-open-lightbox=\"yes\" data-elementor-lightbox-slideshow=\"51537e1d\" data-elementor-lightbox-title=\"acm - \u00e9t\u00e9 - aout - bfc_0001_778736007_1064251279482952_679269618534071990_n\" data-e-action-hash=\"#elementor-action%3Aaction%3Dlightbox%26settings%3DeyJpZCI6MTQ3ODAsInVybCI6Imh0dHBzOlwvXC9jZXN0ZGFuc2xlc3QtY2Nhcy5mclwvd3AtY29udGVudFwvdXBsb2Fkc1wvMjAyNlwvMDhcL2FjbS1ldGUtYW91dC1iZmNfMDAwMV83Nzg3MzYwMDdfMTA2NDI1MTI3OTQ4Mjk1Ml82NzkyNjk2MTg1MzQwNzE5OTBfbi5qcGciLCJzbGlkZXNob3ciOiI1MTUzN2UxZCJ9\" href='https:\/\/cestdanslest-ccas.fr\/wp-content\/uploads\/2026\/08\/acm-ete-aout-bfc_0001_778736007_1064251279482952_679269618534071990_n.jpg'><img decoding=\"async\" width=\"800\" height=\"554\" src=\"https:\/\/cestdanslest-ccas.fr\/wp-content\/uploads\/2026\/08\/acm-ete-aout-bfc_0001_778736007_1064251279482952_679269618534071990_n-1024x709.jpg\" class=\"attachment-large size-large\" alt=\"\" srcset=\"https:\/\/cestdanslest-ccas.fr\/wp-content\/uploads\/2026\/08\/acm-ete-aout-bfc_0001_778736007_1064251279482952_679269618534071990_n-1024x709.jpg 1024w, https:\/\/cestdanslest-ccas.fr\/wp-content\/uploads\/2026\/08\/acm-ete-aout-bfc_0001_778736007_1064251279482952_679269618534071990_n-300x208.jpg 300w, https:\/\/cestdanslest-ccas.fr\/wp-content\/uploads\/2026\/08\/acm-ete-aout-bfc_0001_778736007_1064251279482952_679269618534071990_n-768x532.jpg 768w, https:\/\/cestdanslest-ccas.fr\/wp-content\/uploads\/2026\/08\/acm-ete-aout-bfc_0001_778736007_1064251279482952_679269618534071990_n.jpg 1535w\" sizes=\"(max-width: 800px) 100vw, 800px\" \/><\/a>\n<a data-elementor-open-lightbox=\"yes\" data-elementor-lightbox-slideshow=\"51537e1d\" data-elementor-lightbox-title=\"acm - \u00e9t\u00e9 - aout - bfc_0002_778736005_1064235869484493_1579635993508356620_n\" data-e-action-hash=\"#elementor-action%3Aaction%3Dlightbox%26settings%3DeyJpZCI6MTQ3ODEsInVybCI6Imh0dHBzOlwvXC9jZXN0ZGFuc2xlc3QtY2Nhcy5mclwvd3AtY29udGVudFwvdXBsb2Fkc1wvMjAyNlwvMDhcL2FjbS1ldGUtYW91dC1iZmNfMDAwMl83Nzg3MzYwMDVfMTA2NDIzNTg2OTQ4NDQ5M18xNTc5NjM1OTkzNTA4MzU2NjIwX24uanBnIiwic2xpZGVzaG93IjoiNTE1MzdlMWQifQ%3D%3D\" href='https:\/\/cestdanslest-ccas.fr\/wp-content\/uploads\/2026\/08\/acm-ete-aout-bfc_0002_778736005_1064235869484493_1579635993508356620_n.jpg'><img loading=\"lazy\" decoding=\"async\" width=\"800\" height=\"554\" src=\"https:\/\/cestdanslest-ccas.fr\/wp-content\/uploads\/2026\/08\/acm-ete-aout-bfc_0002_778736005_1064235869484493_1579635993508356620_n-1024x709.jpg\" class=\"attachment-large size-large\" alt=\"\" srcset=\"https:\/\/cestdanslest-ccas.fr\/wp-content\/uploads\/2026\/08\/acm-ete-aout-bfc_0002_778736005_1064235869484493_1579635993508356620_n-1024x709.jpg 1024w, https:\/\/cestdanslest-ccas.fr\/wp-content\/uploads\/2026\/08\/acm-ete-aout-bfc_0002_778736005_1064235869484493_1579635993508356620_n-300x208.jpg 300w, https:\/\/cestdanslest-ccas.fr\/wp-content\/uploads\/2026\/08\/acm-ete-aout-bfc_0002_778736005_1064235869484493_1579635993508356620_n-768x532.jpg 768w, https:\/\/cestdanslest-ccas.fr\/wp-content\/uploads\/2026\/08\/acm-ete-aout-bfc_0002_778736005_1064235869484493_1579635993508356620_n.jpg 1535w\" sizes=\"(max-width: 800px) 100vw, 800px\" \/><\/a>\n<a data-elementor-open-lightbox=\"yes\" data-elementor-lightbox-slideshow=\"51537e1d\" data-elementor-lightbox-title=\"acm - \u00e9t\u00e9 - aout - bfc_0003_778565330_1064237156151031_6793237708067023867_n\" data-e-action-hash=\"#elementor-action%3Aaction%3Dlightbox%26settings%3DeyJpZCI6MTQ3ODIsInVybCI6Imh0dHBzOlwvXC9jZXN0ZGFuc2xlc3QtY2Nhcy5mclwvd3AtY29udGVudFwvdXBsb2Fkc1wvMjAyNlwvMDhcL2FjbS1ldGUtYW91dC1iZmNfMDAwM183Nzg1NjUzMzBfMTA2NDIzNzE1NjE1MTAzMV82NzkzMjM3NzA4MDY3MDIzODY3X24uanBnIiwic2xpZGVzaG93IjoiNTE1MzdlMWQifQ%3D%3D\" href='https:\/\/cestdanslest-ccas.fr\/wp-content\/uploads\/2026\/08\/acm-ete-aout-bfc_0003_778565330_1064237156151031_6793237708067023867_n.jpg'><img loading=\"lazy\" decoding=\"async\" width=\"800\" height=\"554\" src=\"https:\/\/cestdanslest-ccas.fr\/wp-content\/uploads\/2026\/08\/acm-ete-aout-bfc_0003_778565330_1064237156151031_6793237708067023867_n-1024x709.jpg\" class=\"attachment-large size-large\" alt=\"\" srcset=\"https:\/\/cestdanslest-ccas.fr\/wp-content\/uploads\/2026\/08\/acm-ete-aout-bfc_0003_778565330_1064237156151031_6793237708067023867_n-1024x709.jpg 1024w, https:\/\/cestdanslest-ccas.fr\/wp-content\/uploads\/2026\/08\/acm-ete-aout-bfc_0003_778565330_1064237156151031_6793237708067023867_n-300x208.jpg 300w, https:\/\/cestdanslest-ccas.fr\/wp-content\/uploads\/2026\/08\/acm-ete-aout-bfc_0003_778565330_1064237156151031_6793237708067023867_n-768x532.jpg 768w, https:\/\/cestdanslest-ccas.fr\/wp-content\/uploads\/2026\/08\/acm-ete-aout-bfc_0003_778565330_1064237156151031_6793237708067023867_n.jpg 1535w\" sizes=\"(max-width: 800px) 100vw, 800px\" \/><\/a>\n<a data-elementor-open-lightbox=\"yes\" data-elementor-lightbox-slideshow=\"51537e1d\" data-elementor-lightbox-title=\"acm - \u00e9t\u00e9 - aout - bfc_0004_778565330_1064237156151031_6793237708067023867_n (1)\" data-e-action-hash=\"#elementor-action%3Aaction%3Dlightbox%26settings%3DeyJpZCI6MTQ3ODMsInVybCI6Imh0dHBzOlwvXC9jZXN0ZGFuc2xlc3QtY2Nhcy5mclwvd3AtY29udGVudFwvdXBsb2Fkc1wvMjAyNlwvMDhcL2FjbS1ldGUtYW91dC1iZmNfMDAwNF83Nzg1NjUzMzBfMTA2NDIzNzE1NjE1MTAzMV82NzkzMjM3NzA4MDY3MDIzODY3X24tMS5qcGciLCJzbGlkZXNob3ciOiI1MTUzN2UxZCJ9\" href='https:\/\/cestdanslest-ccas.fr\/wp-content\/uploads\/2026\/08\/acm-ete-aout-bfc_0004_778565330_1064237156151031_6793237708067023867_n-1.jpg'><img loading=\"lazy\" decoding=\"async\" width=\"800\" height=\"554\" src=\"https:\/\/cestdanslest-ccas.fr\/wp-content\/uploads\/2026\/08\/acm-ete-aout-bfc_0004_778565330_1064237156151031_6793237708067023867_n-1-1024x709.jpg\" class=\"attachment-large size-large\" alt=\"\" srcset=\"https:\/\/cestdanslest-ccas.fr\/wp-content\/uploads\/2026\/08\/acm-ete-aout-bfc_0004_778565330_1064237156151031_6793237708067023867_n-1-1024x709.jpg 1024w, https:\/\/cestdanslest-ccas.fr\/wp-content\/uploads\/2026\/08\/acm-ete-aout-bfc_0004_778565330_1064237156151031_6793237708067023867_n-1-300x208.jpg 300w, https:\/\/cestdanslest-ccas.fr\/wp-content\/uploads\/2026\/08\/acm-ete-aout-bfc_0004_778565330_1064237156151031_6793237708067023867_n-1-768x532.jpg 768w, https:\/\/cestdanslest-ccas.fr\/wp-content\/uploads\/2026\/08\/acm-ete-aout-bfc_0004_778565330_1064237156151031_6793237708067023867_n-1.jpg 1535w\" sizes=\"(max-width: 800px) 100vw, 800px\" \/><\/a>\n<a data-elementor-open-lightbox=\"yes\" data-elementor-lightbox-slideshow=\"51537e1d\" data-elementor-lightbox-title=\"acm - \u00e9t\u00e9 - aout - bfc_0005_777801205_1064236419484438_3165344053296907351_n\" data-e-action-hash=\"#elementor-action%3Aaction%3Dlightbox%26settings%3DeyJpZCI6MTQ3ODQsInVybCI6Imh0dHBzOlwvXC9jZXN0ZGFuc2xlc3QtY2Nhcy5mclwvd3AtY29udGVudFwvdXBsb2Fkc1wvMjAyNlwvMDhcL2FjbS1ldGUtYW91dC1iZmNfMDAwNV83Nzc4MDEyMDVfMTA2NDIzNjQxOTQ4NDQzOF8zMTY1MzQ0MDUzMjk2OTA3MzUxX24uanBnIiwic2xpZGVzaG93IjoiNTE1MzdlMWQifQ%3D%3D\" href='https:\/\/cestdanslest-ccas.fr\/wp-content\/uploads\/2026\/08\/acm-ete-aout-bfc_0005_777801205_1064236419484438_3165344053296907351_n.jpg'><img loading=\"lazy\" decoding=\"async\" width=\"800\" height=\"554\" src=\"https:\/\/cestdanslest-ccas.fr\/wp-content\/uploads\/2026\/08\/acm-ete-aout-bfc_0005_777801205_1064236419484438_3165344053296907351_n-1024x709.jpg\" class=\"attachment-large size-large\" alt=\"\" srcset=\"https:\/\/cestdanslest-ccas.fr\/wp-content\/uploads\/2026\/08\/acm-ete-aout-bfc_0005_777801205_1064236419484438_3165344053296907351_n-1024x709.jpg 1024w, https:\/\/cestdanslest-ccas.fr\/wp-content\/uploads\/2026\/08\/acm-ete-aout-bfc_0005_777801205_1064236419484438_3165344053296907351_n-300x208.jpg 300w, https:\/\/cestdanslest-ccas.fr\/wp-content\/uploads\/2026\/08\/acm-ete-aout-bfc_0005_777801205_1064236419484438_3165344053296907351_n-768x532.jpg 768w, https:\/\/cestdanslest-ccas.fr\/wp-content\/uploads\/2026\/08\/acm-ete-aout-bfc_0005_777801205_1064236419484438_3165344053296907351_n.jpg 1535w\" sizes=\"(max-width: 800px) 100vw, 800px\" \/><\/a>\n<a data-elementor-open-lightbox=\"yes\" data-elementor-lightbox-slideshow=\"51537e1d\" data-elementor-lightbox-title=\"acm - \u00e9t\u00e9 - aout - bfc_0006_777716632_1064237502817663_6641872710523600835_n\" data-e-action-hash=\"#elementor-action%3Aaction%3Dlightbox%26settings%3DeyJpZCI6MTQ3ODUsInVybCI6Imh0dHBzOlwvXC9jZXN0ZGFuc2xlc3QtY2Nhcy5mclwvd3AtY29udGVudFwvdXBsb2Fkc1wvMjAyNlwvMDhcL2FjbS1ldGUtYW91dC1iZmNfMDAwNl83Nzc3MTY2MzJfMTA2NDIzNzUwMjgxNzY2M182NjQxODcyNzEwNTIzNjAwODM1X24uanBnIiwic2xpZGVzaG93IjoiNTE1MzdlMWQifQ%3D%3D\" href='https:\/\/cestdanslest-ccas.fr\/wp-content\/uploads\/2026\/08\/acm-ete-aout-bfc_0006_777716632_1064237502817663_6641872710523600835_n.jpg'><img loading=\"lazy\" decoding=\"async\" width=\"800\" height=\"554\" src=\"https:\/\/cestdanslest-ccas.fr\/wp-content\/uploads\/2026\/08\/acm-ete-aout-bfc_0006_777716632_1064237502817663_6641872710523600835_n-1024x709.jpg\" class=\"attachment-large size-large\" alt=\"\" srcset=\"https:\/\/cestdanslest-ccas.fr\/wp-content\/uploads\/2026\/08\/acm-ete-aout-bfc_0006_777716632_1064237502817663_6641872710523600835_n-1024x709.jpg 1024w, https:\/\/cestdanslest-ccas.fr\/wp-content\/uploads\/2026\/08\/acm-ete-aout-bfc_0006_777716632_1064237502817663_6641872710523600835_n-300x208.jpg 300w, https:\/\/cestdanslest-ccas.fr\/wp-content\/uploads\/2026\/08\/acm-ete-aout-bfc_0006_777716632_1064237502817663_6641872710523600835_n-768x532.jpg 768w, https:\/\/cestdanslest-ccas.fr\/wp-content\/uploads\/2026\/08\/acm-ete-aout-bfc_0006_777716632_1064237502817663_6641872710523600835_n.jpg 1535w\" sizes=\"(max-width: 800px) 100vw, 800px\" \/><\/a>\n<a data-elementor-open-lightbox=\"yes\" data-elementor-lightbox-slideshow=\"51537e1d\" data-elementor-lightbox-title=\"acm - \u00e9t\u00e9 - aout - bfc_0007_777478943_1064240779484002_152527976567442079_n\" data-e-action-hash=\"#elementor-action%3Aaction%3Dlightbox%26settings%3DeyJpZCI6MTQ3ODYsInVybCI6Imh0dHBzOlwvXC9jZXN0ZGFuc2xlc3QtY2Nhcy5mclwvd3AtY29udGVudFwvdXBsb2Fkc1wvMjAyNlwvMDhcL2FjbS1ldGUtYW91dC1iZmNfMDAwN183Nzc0Nzg5NDNfMTA2NDI0MDc3OTQ4NDAwMl8xNTI1Mjc5NzY1Njc0NDIwNzlfbi5qcGciLCJzbGlkZXNob3ciOiI1MTUzN2UxZCJ9\" href='https:\/\/cestdanslest-ccas.fr\/wp-content\/uploads\/2026\/08\/acm-ete-aout-bfc_0007_777478943_1064240779484002_152527976567442079_n.jpg'><img loading=\"lazy\" decoding=\"async\" width=\"800\" height=\"554\" src=\"https:\/\/cestdanslest-ccas.fr\/wp-content\/uploads\/2026\/08\/acm-ete-aout-bfc_0007_777478943_1064240779484002_152527976567442079_n-1024x709.jpg\" class=\"attachment-large size-large\" alt=\"\" srcset=\"https:\/\/cestdanslest-ccas.fr\/wp-content\/uploads\/2026\/08\/acm-ete-aout-bfc_0007_777478943_1064240779484002_152527976567442079_n-1024x709.jpg 1024w, https:\/\/cestdanslest-ccas.fr\/wp-content\/uploads\/2026\/08\/acm-ete-aout-bfc_0007_777478943_1064240779484002_152527976567442079_n-300x208.jpg 300w, https:\/\/cestdanslest-ccas.fr\/wp-content\/uploads\/2026\/08\/acm-ete-aout-bfc_0007_777478943_1064240779484002_152527976567442079_n-768x532.jpg 768w, https:\/\/cestdanslest-ccas.fr\/wp-content\/uploads\/2026\/08\/acm-ete-aout-bfc_0007_777478943_1064240779484002_152527976567442079_n.jpg 1535w\" sizes=\"(max-width: 800px) 100vw, 800px\" \/><\/a>\n<a data-elementor-open-lightbox=\"yes\" data-elementor-lightbox-slideshow=\"51537e1d\" data-elementor-lightbox-title=\"acm - \u00e9t\u00e9 - aout - bfc_0008_777024026_1064240269484053_2625719949740296472_n\" data-e-action-hash=\"#elementor-action%3Aaction%3Dlightbox%26settings%3DeyJpZCI6MTQ3ODcsInVybCI6Imh0dHBzOlwvXC9jZXN0ZGFuc2xlc3QtY2Nhcy5mclwvd3AtY29udGVudFwvdXBsb2Fkc1wvMjAyNlwvMDhcL2FjbS1ldGUtYW91dC1iZmNfMDAwOF83NzcwMjQwMjZfMTA2NDI0MDI2OTQ4NDA1M18yNjI1NzE5OTQ5NzQwMjk2NDcyX24uanBnIiwic2xpZGVzaG93IjoiNTE1MzdlMWQifQ%3D%3D\" href='https:\/\/cestdanslest-ccas.fr\/wp-content\/uploads\/2026\/08\/acm-ete-aout-bfc_0008_777024026_1064240269484053_2625719949740296472_n.jpg'><img loading=\"lazy\" decoding=\"async\" width=\"800\" height=\"554\" src=\"https:\/\/cestdanslest-ccas.fr\/wp-content\/uploads\/2026\/08\/acm-ete-aout-bfc_0008_777024026_1064240269484053_2625719949740296472_n-1024x709.jpg\" class=\"attachment-large size-large\" alt=\"\" srcset=\"https:\/\/cestdanslest-ccas.fr\/wp-content\/uploads\/2026\/08\/acm-ete-aout-bfc_0008_777024026_1064240269484053_2625719949740296472_n-1024x709.jpg 1024w, https:\/\/cestdanslest-ccas.fr\/wp-content\/uploads\/2026\/08\/acm-ete-aout-bfc_0008_777024026_1064240269484053_2625719949740296472_n-300x208.jpg 300w, https:\/\/cestdanslest-ccas.fr\/wp-content\/uploads\/2026\/08\/acm-ete-aout-bfc_0008_777024026_1064240269484053_2625719949740296472_n-768x532.jpg 768w, https:\/\/cestdanslest-ccas.fr\/wp-content\/uploads\/2026\/08\/acm-ete-aout-bfc_0008_777024026_1064240269484053_2625719949740296472_n.jpg 1535w\" sizes=\"(max-width: 800px) 100vw, 800px\" \/><\/a>\n<a data-elementor-open-lightbox=\"yes\" data-elementor-lightbox-slideshow=\"51537e1d\" data-elementor-lightbox-title=\"acm - \u00e9t\u00e9 - aout - bfc_0009_779842579_1064236239484456_8317422641133879170_n\" data-e-action-hash=\"#elementor-action%3Aaction%3Dlightbox%26settings%3DeyJpZCI6MTQ3ODgsInVybCI6Imh0dHBzOlwvXC9jZXN0ZGFuc2xlc3QtY2Nhcy5mclwvd3AtY29udGVudFwvdXBsb2Fkc1wvMjAyNlwvMDhcL2FjbS1ldGUtYW91dC1iZmNfMDAwOV83Nzk4NDI1NzlfMTA2NDIzNjIzOTQ4NDQ1Nl84MzE3NDIyNjQxMTMzODc5MTcwX24uanBnIiwic2xpZGVzaG93IjoiNTE1MzdlMWQifQ%3D%3D\" href='https:\/\/cestdanslest-ccas.fr\/wp-content\/uploads\/2026\/08\/acm-ete-aout-bfc_0009_779842579_1064236239484456_8317422641133879170_n.jpg'><img loading=\"lazy\" decoding=\"async\" width=\"800\" height=\"554\" src=\"https:\/\/cestdanslest-ccas.fr\/wp-content\/uploads\/2026\/08\/acm-ete-aout-bfc_0009_779842579_1064236239484456_8317422641133879170_n-1024x709.jpg\" class=\"attachment-large size-large\" alt=\"\" srcset=\"https:\/\/cestdanslest-ccas.fr\/wp-content\/uploads\/2026\/08\/acm-ete-aout-bfc_0009_779842579_1064236239484456_8317422641133879170_n-1024x709.jpg 1024w, https:\/\/cestdanslest-ccas.fr\/wp-content\/uploads\/2026\/08\/acm-ete-aout-bfc_0009_779842579_1064236239484456_8317422641133879170_n-300x208.jpg 300w, https:\/\/cestdanslest-ccas.fr\/wp-content\/uploads\/2026\/08\/acm-ete-aout-bfc_0009_779842579_1064236239484456_8317422641133879170_n-768x532.jpg 768w, https:\/\/cestdanslest-ccas.fr\/wp-content\/uploads\/2026\/08\/acm-ete-aout-bfc_0009_779842579_1064236239484456_8317422641133879170_n.jpg 1535w\" sizes=\"(max-width: 800px) 100vw, 800px\" \/><\/a>\n<a data-elementor-open-lightbox=\"yes\" data-elementor-lightbox-slideshow=\"51537e1d\" data-elementor-lightbox-title=\"acm - \u00e9t\u00e9 - bfc - juillet - morbier mouthe_0000_100_0810\" data-e-action-hash=\"#elementor-action%3Aaction%3Dlightbox%26settings%3DeyJpZCI6MTQ3ODksInVybCI6Imh0dHBzOlwvXC9jZXN0ZGFuc2xlc3QtY2Nhcy5mclwvd3AtY29udGVudFwvdXBsb2Fkc1wvMjAyNlwvMDhcL2FjbS1ldGUtYmZjLWp1aWxsZXQtbW9yYmllci1tb3V0aGVfMDAwMF8xMDBfMDgxMC5qcGciLCJzbGlkZXNob3ciOiI1MTUzN2UxZCJ9\" href='https:\/\/cestdanslest-ccas.fr\/wp-content\/uploads\/2026\/08\/acm-ete-bfc-juillet-morbier-mouthe_0000_100_0810.jpg'><img loading=\"lazy\" decoding=\"async\" width=\"800\" height=\"554\" src=\"https:\/\/cestdanslest-ccas.fr\/wp-content\/uploads\/2026\/08\/acm-ete-bfc-juillet-morbier-mouthe_0000_100_0810-1024x709.jpg\" class=\"attachment-large size-large\" alt=\"\" srcset=\"https:\/\/cestdanslest-ccas.fr\/wp-content\/uploads\/2026\/08\/acm-ete-bfc-juillet-morbier-mouthe_0000_100_0810-1024x709.jpg 1024w, https:\/\/cestdanslest-ccas.fr\/wp-content\/uploads\/2026\/08\/acm-ete-bfc-juillet-morbier-mouthe_0000_100_0810-300x208.jpg 300w, https:\/\/cestdanslest-ccas.fr\/wp-content\/uploads\/2026\/08\/acm-ete-bfc-juillet-morbier-mouthe_0000_100_0810-768x532.jpg 768w, https:\/\/cestdanslest-ccas.fr\/wp-content\/uploads\/2026\/08\/acm-ete-bfc-juillet-morbier-mouthe_0000_100_0810.jpg 1535w\" sizes=\"(max-width: 800px) 100vw, 800px\" \/><\/a>\n<a data-elementor-open-lightbox=\"yes\" data-elementor-lightbox-slideshow=\"51537e1d\" data-elementor-lightbox-title=\"acm - \u00e9t\u00e9 - bfc - juillet - morbier mouthe_0001_100_0800\" data-e-action-hash=\"#elementor-action%3Aaction%3Dlightbox%26settings%3DeyJpZCI6MTQ3OTAsInVybCI6Imh0dHBzOlwvXC9jZXN0ZGFuc2xlc3QtY2Nhcy5mclwvd3AtY29udGVudFwvdXBsb2Fkc1wvMjAyNlwvMDhcL2FjbS1ldGUtYmZjLWp1aWxsZXQtbW9yYmllci1tb3V0aGVfMDAwMV8xMDBfMDgwMC5qcGciLCJzbGlkZXNob3ciOiI1MTUzN2UxZCJ9\" href='https:\/\/cestdanslest-ccas.fr\/wp-content\/uploads\/2026\/08\/acm-ete-bfc-juillet-morbier-mouthe_0001_100_0800.jpg'><img loading=\"lazy\" decoding=\"async\" width=\"800\" height=\"554\" src=\"https:\/\/cestdanslest-ccas.fr\/wp-content\/uploads\/2026\/08\/acm-ete-bfc-juillet-morbier-mouthe_0001_100_0800-1024x709.jpg\" class=\"attachment-large size-large\" alt=\"\" srcset=\"https:\/\/cestdanslest-ccas.fr\/wp-content\/uploads\/2026\/08\/acm-ete-bfc-juillet-morbier-mouthe_0001_100_0800-1024x709.jpg 1024w, https:\/\/cestdanslest-ccas.fr\/wp-content\/uploads\/2026\/08\/acm-ete-bfc-juillet-morbier-mouthe_0001_100_0800-300x208.jpg 300w, https:\/\/cestdanslest-ccas.fr\/wp-content\/uploads\/2026\/08\/acm-ete-bfc-juillet-morbier-mouthe_0001_100_0800-768x532.jpg 768w, https:\/\/cestdanslest-ccas.fr\/wp-content\/uploads\/2026\/08\/acm-ete-bfc-juillet-morbier-mouthe_0001_100_0800.jpg 1535w\" sizes=\"(max-width: 800px) 100vw, 800px\" \/><\/a>\n<a data-elementor-open-lightbox=\"yes\" data-elementor-lightbox-slideshow=\"51537e1d\" data-elementor-lightbox-title=\"acm - \u00e9t\u00e9 - bfc - juillet - morbier mouthe_0002_100_0796\" data-e-action-hash=\"#elementor-action%3Aaction%3Dlightbox%26settings%3DeyJpZCI6MTQ3OTEsInVybCI6Imh0dHBzOlwvXC9jZXN0ZGFuc2xlc3QtY2Nhcy5mclwvd3AtY29udGVudFwvdXBsb2Fkc1wvMjAyNlwvMDhcL2FjbS1ldGUtYmZjLWp1aWxsZXQtbW9yYmllci1tb3V0aGVfMDAwMl8xMDBfMDc5Ni5qcGciLCJzbGlkZXNob3ciOiI1MTUzN2UxZCJ9\" href='https:\/\/cestdanslest-ccas.fr\/wp-content\/uploads\/2026\/08\/acm-ete-bfc-juillet-morbier-mouthe_0002_100_0796.jpg'><img loading=\"lazy\" decoding=\"async\" width=\"800\" height=\"554\" src=\"https:\/\/cestdanslest-ccas.fr\/wp-content\/uploads\/2026\/08\/acm-ete-bfc-juillet-morbier-mouthe_0002_100_0796-1024x709.jpg\" class=\"attachment-large size-large\" alt=\"\" srcset=\"https:\/\/cestdanslest-ccas.fr\/wp-content\/uploads\/2026\/08\/acm-ete-bfc-juillet-morbier-mouthe_0002_100_0796-1024x709.jpg 1024w, https:\/\/cestdanslest-ccas.fr\/wp-content\/uploads\/2026\/08\/acm-ete-bfc-juillet-morbier-mouthe_0002_100_0796-300x208.jpg 300w, https:\/\/cestdanslest-ccas.fr\/wp-content\/uploads\/2026\/08\/acm-ete-bfc-juillet-morbier-mouthe_0002_100_0796-768x532.jpg 768w, https:\/\/cestdanslest-ccas.fr\/wp-content\/uploads\/2026\/08\/acm-ete-bfc-juillet-morbier-mouthe_0002_100_0796.jpg 1535w\" sizes=\"(max-width: 800px) 100vw, 800px\" \/><\/a>\n<a data-elementor-open-lightbox=\"yes\" data-elementor-lightbox-slideshow=\"51537e1d\" data-elementor-lightbox-title=\"acm - \u00e9t\u00e9 - bfc - juillet - morbier mouthe_0003_100_0793\" data-e-action-hash=\"#elementor-action%3Aaction%3Dlightbox%26settings%3DeyJpZCI6MTQ3OTIsInVybCI6Imh0dHBzOlwvXC9jZXN0ZGFuc2xlc3QtY2Nhcy5mclwvd3AtY29udGVudFwvdXBsb2Fkc1wvMjAyNlwvMDhcL2FjbS1ldGUtYmZjLWp1aWxsZXQtbW9yYmllci1tb3V0aGVfMDAwM18xMDBfMDc5My5qcGciLCJzbGlkZXNob3ciOiI1MTUzN2UxZCJ9\" href='https:\/\/cestdanslest-ccas.fr\/wp-content\/uploads\/2026\/08\/acm-ete-bfc-juillet-morbier-mouthe_0003_100_0793.jpg'><img loading=\"lazy\" decoding=\"async\" width=\"800\" height=\"554\" src=\"https:\/\/cestdanslest-ccas.fr\/wp-content\/uploads\/2026\/08\/acm-ete-bfc-juillet-morbier-mouthe_0003_100_0793-1024x709.jpg\" class=\"attachment-large size-large\" alt=\"\" srcset=\"https:\/\/cestdanslest-ccas.fr\/wp-content\/uploads\/2026\/08\/acm-ete-bfc-juillet-morbier-mouthe_0003_100_0793-1024x709.jpg 1024w, https:\/\/cestdanslest-ccas.fr\/wp-content\/uploads\/2026\/08\/acm-ete-bfc-juillet-morbier-mouthe_0003_100_0793-300x208.jpg 300w, https:\/\/cestdanslest-ccas.fr\/wp-content\/uploads\/2026\/08\/acm-ete-bfc-juillet-morbier-mouthe_0003_100_0793-768x532.jpg 768w, https:\/\/cestdanslest-ccas.fr\/wp-content\/uploads\/2026\/08\/acm-ete-bfc-juillet-morbier-mouthe_0003_100_0793.jpg 1535w\" sizes=\"(max-width: 800px) 100vw, 800px\" \/><\/a>\n<a data-elementor-open-lightbox=\"yes\" data-elementor-lightbox-slideshow=\"51537e1d\" data-elementor-lightbox-title=\"acm - \u00e9t\u00e9 - bfc - juillet - morbier mouthe_0004_100_0789\" data-e-action-hash=\"#elementor-action%3Aaction%3Dlightbox%26settings%3DeyJpZCI6MTQ3OTMsInVybCI6Imh0dHBzOlwvXC9jZXN0ZGFuc2xlc3QtY2Nhcy5mclwvd3AtY29udGVudFwvdXBsb2Fkc1wvMjAyNlwvMDhcL2FjbS1ldGUtYmZjLWp1aWxsZXQtbW9yYmllci1tb3V0aGVfMDAwNF8xMDBfMDc4OS5qcGciLCJzbGlkZXNob3ciOiI1MTUzN2UxZCJ9\" href='https:\/\/cestdanslest-ccas.fr\/wp-content\/uploads\/2026\/08\/acm-ete-bfc-juillet-morbier-mouthe_0004_100_0789.jpg'><img loading=\"lazy\" decoding=\"async\" width=\"800\" height=\"554\" src=\"https:\/\/cestdanslest-ccas.fr\/wp-content\/uploads\/2026\/08\/acm-ete-bfc-juillet-morbier-mouthe_0004_100_0789-1024x709.jpg\" class=\"attachment-large size-large\" alt=\"\" srcset=\"https:\/\/cestdanslest-ccas.fr\/wp-content\/uploads\/2026\/08\/acm-ete-bfc-juillet-morbier-mouthe_0004_100_0789-1024x709.jpg 1024w, https:\/\/cestdanslest-ccas.fr\/wp-content\/uploads\/2026\/08\/acm-ete-bfc-juillet-morbier-mouthe_0004_100_0789-300x208.jpg 300w, https:\/\/cestdanslest-ccas.fr\/wp-content\/uploads\/2026\/08\/acm-ete-bfc-juillet-morbier-mouthe_0004_100_0789-768x532.jpg 768w, https:\/\/cestdanslest-ccas.fr\/wp-content\/uploads\/2026\/08\/acm-ete-bfc-juillet-morbier-mouthe_0004_100_0789.jpg 1535w\" sizes=\"(max-width: 800px) 100vw, 800px\" \/><\/a>\n<a data-elementor-open-lightbox=\"yes\" data-elementor-lightbox-slideshow=\"51537e1d\" data-elementor-lightbox-title=\"acm - \u00e9t\u00e9 - bfc - juillet - morbier mouthe_0005_100_0787\" data-e-action-hash=\"#elementor-action%3Aaction%3Dlightbox%26settings%3DeyJpZCI6MTQ3OTQsInVybCI6Imh0dHBzOlwvXC9jZXN0ZGFuc2xlc3QtY2Nhcy5mclwvd3AtY29udGVudFwvdXBsb2Fkc1wvMjAyNlwvMDhcL2FjbS1ldGUtYmZjLWp1aWxsZXQtbW9yYmllci1tb3V0aGVfMDAwNV8xMDBfMDc4Ny5qcGciLCJzbGlkZXNob3ciOiI1MTUzN2UxZCJ9\" href='https:\/\/cestdanslest-ccas.fr\/wp-content\/uploads\/2026\/08\/acm-ete-bfc-juillet-morbier-mouthe_0005_100_0787.jpg'><img loading=\"lazy\" decoding=\"async\" width=\"800\" height=\"554\" src=\"https:\/\/cestdanslest-ccas.fr\/wp-content\/uploads\/2026\/08\/acm-ete-bfc-juillet-morbier-mouthe_0005_100_0787-1024x709.jpg\" class=\"attachment-large size-large\" alt=\"\" srcset=\"https:\/\/cestdanslest-ccas.fr\/wp-content\/uploads\/2026\/08\/acm-ete-bfc-juillet-morbier-mouthe_0005_100_0787-1024x709.jpg 1024w, https:\/\/cestdanslest-ccas.fr\/wp-content\/uploads\/2026\/08\/acm-ete-bfc-juillet-morbier-mouthe_0005_100_0787-300x208.jpg 300w, https:\/\/cestdanslest-ccas.fr\/wp-content\/uploads\/2026\/08\/acm-ete-bfc-juillet-morbier-mouthe_0005_100_0787-768x532.jpg 768w, https:\/\/cestdanslest-ccas.fr\/wp-content\/uploads\/2026\/08\/acm-ete-bfc-juillet-morbier-mouthe_0005_100_0787.jpg 1535w\" sizes=\"(max-width: 800px) 100vw, 800px\" \/><\/a>\n<a data-elementor-open-lightbox=\"yes\" data-elementor-lightbox-slideshow=\"51537e1d\" data-elementor-lightbox-title=\"acm - \u00e9t\u00e9 - bfc - juillet - morbier mouthe_0006_100_0783\" data-e-action-hash=\"#elementor-action%3Aaction%3Dlightbox%26settings%3DeyJpZCI6MTQ3OTUsInVybCI6Imh0dHBzOlwvXC9jZXN0ZGFuc2xlc3QtY2Nhcy5mclwvd3AtY29udGVudFwvdXBsb2Fkc1wvMjAyNlwvMDhcL2FjbS1ldGUtYmZjLWp1aWxsZXQtbW9yYmllci1tb3V0aGVfMDAwNl8xMDBfMDc4My5qcGciLCJzbGlkZXNob3ciOiI1MTUzN2UxZCJ9\" href='https:\/\/cestdanslest-ccas.fr\/wp-content\/uploads\/2026\/08\/acm-ete-bfc-juillet-morbier-mouthe_0006_100_0783.jpg'><img loading=\"lazy\" decoding=\"async\" width=\"800\" height=\"554\" src=\"https:\/\/cestdanslest-ccas.fr\/wp-content\/uploads\/2026\/08\/acm-ete-bfc-juillet-morbier-mouthe_0006_100_0783-1024x709.jpg\" class=\"attachment-large size-large\" alt=\"\" srcset=\"https:\/\/cestdanslest-ccas.fr\/wp-content\/uploads\/2026\/08\/acm-ete-bfc-juillet-morbier-mouthe_0006_100_0783-1024x709.jpg 1024w, https:\/\/cestdanslest-ccas.fr\/wp-content\/uploads\/2026\/08\/acm-ete-bfc-juillet-morbier-mouthe_0006_100_0783-300x208.jpg 300w, https:\/\/cestdanslest-ccas.fr\/wp-content\/uploads\/2026\/08\/acm-ete-bfc-juillet-morbier-mouthe_0006_100_0783-768x532.jpg 768w, https:\/\/cestdanslest-ccas.fr\/wp-content\/uploads\/2026\/08\/acm-ete-bfc-juillet-morbier-mouthe_0006_100_0783.jpg 1535w\" sizes=\"(max-width: 800px) 100vw, 800px\" \/><\/a>\n<a data-elementor-open-lightbox=\"yes\" data-elementor-lightbox-slideshow=\"51537e1d\" data-elementor-lightbox-title=\"acm - \u00e9t\u00e9 - bfc - juillet - morbier mouthe_0007_100_0780\" data-e-action-hash=\"#elementor-action%3Aaction%3Dlightbox%26settings%3DeyJpZCI6MTQ3OTYsInVybCI6Imh0dHBzOlwvXC9jZXN0ZGFuc2xlc3QtY2Nhcy5mclwvd3AtY29udGVudFwvdXBsb2Fkc1wvMjAyNlwvMDhcL2FjbS1ldGUtYmZjLWp1aWxsZXQtbW9yYmllci1tb3V0aGVfMDAwN18xMDBfMDc4MC5qcGciLCJzbGlkZXNob3ciOiI1MTUzN2UxZCJ9\" href='https:\/\/cestdanslest-ccas.fr\/wp-content\/uploads\/2026\/08\/acm-ete-bfc-juillet-morbier-mouthe_0007_100_0780.jpg'><img loading=\"lazy\" decoding=\"async\" width=\"800\" height=\"554\" src=\"https:\/\/cestdanslest-ccas.fr\/wp-content\/uploads\/2026\/08\/acm-ete-bfc-juillet-morbier-mouthe_0007_100_0780-1024x709.jpg\" class=\"attachment-large size-large\" alt=\"\" srcset=\"https:\/\/cestdanslest-ccas.fr\/wp-content\/uploads\/2026\/08\/acm-ete-bfc-juillet-morbier-mouthe_0007_100_0780-1024x709.jpg 1024w, https:\/\/cestdanslest-ccas.fr\/wp-content\/uploads\/2026\/08\/acm-ete-bfc-juillet-morbier-mouthe_0007_100_0780-300x208.jpg 300w, https:\/\/cestdanslest-ccas.fr\/wp-content\/uploads\/2026\/08\/acm-ete-bfc-juillet-morbier-mouthe_0007_100_0780-768x532.jpg 768w, https:\/\/cestdanslest-ccas.fr\/wp-content\/uploads\/2026\/08\/acm-ete-bfc-juillet-morbier-mouthe_0007_100_0780.jpg 1535w\" sizes=\"(max-width: 800px) 100vw, 800px\" \/><\/a>\n<a data-elementor-open-lightbox=\"yes\" data-elementor-lightbox-slideshow=\"51537e1d\" data-elementor-lightbox-title=\"acm - \u00e9t\u00e9 - bfc - juillet - morbier mouthe_0008_100_0774\" data-e-action-hash=\"#elementor-action%3Aaction%3Dlightbox%26settings%3DeyJpZCI6MTQ3OTcsInVybCI6Imh0dHBzOlwvXC9jZXN0ZGFuc2xlc3QtY2Nhcy5mclwvd3AtY29udGVudFwvdXBsb2Fkc1wvMjAyNlwvMDhcL2FjbS1ldGUtYmZjLWp1aWxsZXQtbW9yYmllci1tb3V0aGVfMDAwOF8xMDBfMDc3NC5qcGciLCJzbGlkZXNob3ciOiI1MTUzN2UxZCJ9\" href='https:\/\/cestdanslest-ccas.fr\/wp-content\/uploads\/2026\/08\/acm-ete-bfc-juillet-morbier-mouthe_0008_100_0774.jpg'><img loading=\"lazy\" decoding=\"async\" width=\"800\" height=\"554\" src=\"https:\/\/cestdanslest-ccas.fr\/wp-content\/uploads\/2026\/08\/acm-ete-bfc-juillet-morbier-mouthe_0008_100_0774-1024x709.jpg\" class=\"attachment-large size-large\" alt=\"\" srcset=\"https:\/\/cestdanslest-ccas.fr\/wp-content\/uploads\/2026\/08\/acm-ete-bfc-juillet-morbier-mouthe_0008_100_0774-1024x709.jpg 1024w, https:\/\/cestdanslest-ccas.fr\/wp-content\/uploads\/2026\/08\/acm-ete-bfc-juillet-morbier-mouthe_0008_100_0774-300x208.jpg 300w, https:\/\/cestdanslest-ccas.fr\/wp-content\/uploads\/2026\/08\/acm-ete-bfc-juillet-morbier-mouthe_0008_100_0774-768x532.jpg 768w, https:\/\/cestdanslest-ccas.fr\/wp-content\/uploads\/2026\/08\/acm-ete-bfc-juillet-morbier-mouthe_0008_100_0774.jpg 1535w\" sizes=\"(max-width: 800px) 100vw, 800px\" \/><\/a>\n<a data-elementor-open-lightbox=\"yes\" data-elementor-lightbox-slideshow=\"51537e1d\" data-elementor-lightbox-title=\"acm - \u00e9t\u00e9 - bfc - juillet - morbier mouthe_0009_100_0770\" data-e-action-hash=\"#elementor-action%3Aaction%3Dlightbox%26settings%3DeyJpZCI6MTQ3OTgsInVybCI6Imh0dHBzOlwvXC9jZXN0ZGFuc2xlc3QtY2Nhcy5mclwvd3AtY29udGVudFwvdXBsb2Fkc1wvMjAyNlwvMDhcL2FjbS1ldGUtYmZjLWp1aWxsZXQtbW9yYmllci1tb3V0aGVfMDAwOV8xMDBfMDc3MC5qcGciLCJzbGlkZXNob3ciOiI1MTUzN2UxZCJ9\" href='https:\/\/cestdanslest-ccas.fr\/wp-content\/uploads\/2026\/08\/acm-ete-bfc-juillet-morbier-mouthe_0009_100_0770.jpg'><img loading=\"lazy\" decoding=\"async\" width=\"800\" height=\"554\" src=\"https:\/\/cestdanslest-ccas.fr\/wp-content\/uploads\/2026\/08\/acm-ete-bfc-juillet-morbier-mouthe_0009_100_0770-1024x709.jpg\" class=\"attachment-large size-large\" alt=\"\" srcset=\"https:\/\/cestdanslest-ccas.fr\/wp-content\/uploads\/2026\/08\/acm-ete-bfc-juillet-morbier-mouthe_0009_100_0770-1024x709.jpg 1024w, https:\/\/cestdanslest-ccas.fr\/wp-content\/uploads\/2026\/08\/acm-ete-bfc-juillet-morbier-mouthe_0009_100_0770-300x208.jpg 300w, https:\/\/cestdanslest-ccas.fr\/wp-content\/uploads\/2026\/08\/acm-ete-bfc-juillet-morbier-mouthe_0009_100_0770-768x532.jpg 768w, https:\/\/cestdanslest-ccas.fr\/wp-content\/uploads\/2026\/08\/acm-ete-bfc-juillet-morbier-mouthe_0009_100_0770.jpg 1535w\" sizes=\"(max-width: 800px) 100vw, 800px\" \/><\/a>\n<a data-elementor-open-lightbox=\"yes\" data-elementor-lightbox-slideshow=\"51537e1d\" data-elementor-lightbox-title=\"acm - \u00e9t\u00e9 - bfc - juillet - morbier mouthe_0010_100_0767\" data-e-action-hash=\"#elementor-action%3Aaction%3Dlightbox%26settings%3DeyJpZCI6MTQ3OTksInVybCI6Imh0dHBzOlwvXC9jZXN0ZGFuc2xlc3QtY2Nhcy5mclwvd3AtY29udGVudFwvdXBsb2Fkc1wvMjAyNlwvMDhcL2FjbS1ldGUtYmZjLWp1aWxsZXQtbW9yYmllci1tb3V0aGVfMDAxMF8xMDBfMDc2Ny5qcGciLCJzbGlkZXNob3ciOiI1MTUzN2UxZCJ9\" href='https:\/\/cestdanslest-ccas.fr\/wp-content\/uploads\/2026\/08\/acm-ete-bfc-juillet-morbier-mouthe_0010_100_0767.jpg'><img loading=\"lazy\" decoding=\"async\" width=\"800\" height=\"554\" src=\"https:\/\/cestdanslest-ccas.fr\/wp-content\/uploads\/2026\/08\/acm-ete-bfc-juillet-morbier-mouthe_0010_100_0767-1024x709.jpg\" class=\"attachment-large size-large\" alt=\"\" srcset=\"https:\/\/cestdanslest-ccas.fr\/wp-content\/uploads\/2026\/08\/acm-ete-bfc-juillet-morbier-mouthe_0010_100_0767-1024x709.jpg 1024w, https:\/\/cestdanslest-ccas.fr\/wp-content\/uploads\/2026\/08\/acm-ete-bfc-juillet-morbier-mouthe_0010_100_0767-300x208.jpg 300w, https:\/\/cestdanslest-ccas.fr\/wp-content\/uploads\/2026\/08\/acm-ete-bfc-juillet-morbier-mouthe_0010_100_0767-768x532.jpg 768w, https:\/\/cestdanslest-ccas.fr\/wp-content\/uploads\/2026\/08\/acm-ete-bfc-juillet-morbier-mouthe_0010_100_0767.jpg 1535w\" sizes=\"(max-width: 800px) 100vw, 800px\" \/><\/a>\n<a data-elementor-open-lightbox=\"yes\" data-elementor-lightbox-slideshow=\"51537e1d\" data-elementor-lightbox-title=\"acm - \u00e9t\u00e9 - bfc - juillet - morbier mouthe_0011_100_0764\" data-e-action-hash=\"#elementor-action%3Aaction%3Dlightbox%26settings%3DeyJpZCI6MTQ4MDAsInVybCI6Imh0dHBzOlwvXC9jZXN0ZGFuc2xlc3QtY2Nhcy5mclwvd3AtY29udGVudFwvdXBsb2Fkc1wvMjAyNlwvMDhcL2FjbS1ldGUtYmZjLWp1aWxsZXQtbW9yYmllci1tb3V0aGVfMDAxMV8xMDBfMDc2NC5qcGciLCJzbGlkZXNob3ciOiI1MTUzN2UxZCJ9\" href='https:\/\/cestdanslest-ccas.fr\/wp-content\/uploads\/2026\/08\/acm-ete-bfc-juillet-morbier-mouthe_0011_100_0764.jpg'><img loading=\"lazy\" decoding=\"async\" width=\"800\" height=\"554\" src=\"https:\/\/cestdanslest-ccas.fr\/wp-content\/uploads\/2026\/08\/acm-ete-bfc-juillet-morbier-mouthe_0011_100_0764-1024x709.jpg\" class=\"attachment-large size-large\" alt=\"\" srcset=\"https:\/\/cestdanslest-ccas.fr\/wp-content\/uploads\/2026\/08\/acm-ete-bfc-juillet-morbier-mouthe_0011_100_0764-1024x709.jpg 1024w, https:\/\/cestdanslest-ccas.fr\/wp-content\/uploads\/2026\/08\/acm-ete-bfc-juillet-morbier-mouthe_0011_100_0764-300x208.jpg 300w, https:\/\/cestdanslest-ccas.fr\/wp-content\/uploads\/2026\/08\/acm-ete-bfc-juillet-morbier-mouthe_0011_100_0764-768x532.jpg 768w, https:\/\/cestdanslest-ccas.fr\/wp-content\/uploads\/2026\/08\/acm-ete-bfc-juillet-morbier-mouthe_0011_100_0764.jpg 1535w\" sizes=\"(max-width: 800px) 100vw, 800px\" \/><\/a>\n<a data-elementor-open-lightbox=\"yes\" data-elementor-lightbox-slideshow=\"51537e1d\" data-elementor-lightbox-title=\"acm - \u00e9t\u00e9 - bfc - juillet - morbier mouthe_0012_100_0756\" data-e-action-hash=\"#elementor-action%3Aaction%3Dlightbox%26settings%3DeyJpZCI6MTQ4MDEsInVybCI6Imh0dHBzOlwvXC9jZXN0ZGFuc2xlc3QtY2Nhcy5mclwvd3AtY29udGVudFwvdXBsb2Fkc1wvMjAyNlwvMDhcL2FjbS1ldGUtYmZjLWp1aWxsZXQtbW9yYmllci1tb3V0aGVfMDAxMl8xMDBfMDc1Ni5qcGciLCJzbGlkZXNob3ciOiI1MTUzN2UxZCJ9\" href='https:\/\/cestdanslest-ccas.fr\/wp-content\/uploads\/2026\/08\/acm-ete-bfc-juillet-morbier-mouthe_0012_100_0756.jpg'><img loading=\"lazy\" decoding=\"async\" width=\"800\" height=\"554\" src=\"https:\/\/cestdanslest-ccas.fr\/wp-content\/uploads\/2026\/08\/acm-ete-bfc-juillet-morbier-mouthe_0012_100_0756-1024x709.jpg\" class=\"attachment-large size-large\" alt=\"\" srcset=\"https:\/\/cestdanslest-ccas.fr\/wp-content\/uploads\/2026\/08\/acm-ete-bfc-juillet-morbier-mouthe_0012_100_0756-1024x709.jpg 1024w, https:\/\/cestdanslest-ccas.fr\/wp-content\/uploads\/2026\/08\/acm-ete-bfc-juillet-morbier-mouthe_0012_100_0756-300x208.jpg 300w, https:\/\/cestdanslest-ccas.fr\/wp-content\/uploads\/2026\/08\/acm-ete-bfc-juillet-morbier-mouthe_0012_100_0756-768x532.jpg 768w, https:\/\/cestdanslest-ccas.fr\/wp-content\/uploads\/2026\/08\/acm-ete-bfc-juillet-morbier-mouthe_0012_100_0756.jpg 1535w\" sizes=\"(max-width: 800px) 100vw, 800px\" \/><\/a>\n<a data-elementor-open-lightbox=\"yes\" data-elementor-lightbox-slideshow=\"51537e1d\" data-elementor-lightbox-title=\"acm - \u00e9t\u00e9 - bfc - juillet - morbier mouthe_0013_100_0755\" data-e-action-hash=\"#elementor-action%3Aaction%3Dlightbox%26settings%3DeyJpZCI6MTQ4MDIsInVybCI6Imh0dHBzOlwvXC9jZXN0ZGFuc2xlc3QtY2Nhcy5mclwvd3AtY29udGVudFwvdXBsb2Fkc1wvMjAyNlwvMDhcL2FjbS1ldGUtYmZjLWp1aWxsZXQtbW9yYmllci1tb3V0aGVfMDAxM18xMDBfMDc1NS5qcGciLCJzbGlkZXNob3ciOiI1MTUzN2UxZCJ9\" href='https:\/\/cestdanslest-ccas.fr\/wp-content\/uploads\/2026\/08\/acm-ete-bfc-juillet-morbier-mouthe_0013_100_0755.jpg'><img loading=\"lazy\" decoding=\"async\" width=\"800\" height=\"554\" src=\"https:\/\/cestdanslest-ccas.fr\/wp-content\/uploads\/2026\/08\/acm-ete-bfc-juillet-morbier-mouthe_0013_100_0755-1024x709.jpg\" class=\"attachment-large size-large\" alt=\"\" srcset=\"https:\/\/cestdanslest-ccas.fr\/wp-content\/uploads\/2026\/08\/acm-ete-bfc-juillet-morbier-mouthe_0013_100_0755-1024x709.jpg 1024w, https:\/\/cestdanslest-ccas.fr\/wp-content\/uploads\/2026\/08\/acm-ete-bfc-juillet-morbier-mouthe_0013_100_0755-300x208.jpg 300w, https:\/\/cestdanslest-ccas.fr\/wp-content\/uploads\/2026\/08\/acm-ete-bfc-juillet-morbier-mouthe_0013_100_0755-768x532.jpg 768w, https:\/\/cestdanslest-ccas.fr\/wp-content\/uploads\/2026\/08\/acm-ete-bfc-juillet-morbier-mouthe_0013_100_0755.jpg 1535w\" sizes=\"(max-width: 800px) 100vw, 800px\" \/><\/a>\n<a data-elementor-open-lightbox=\"yes\" data-elementor-lightbox-slideshow=\"51537e1d\" data-elementor-lightbox-title=\"acm - \u00e9t\u00e9 - bfc - juillet - morbier mouthe_0014_100_0754\" data-e-action-hash=\"#elementor-action%3Aaction%3Dlightbox%26settings%3DeyJpZCI6MTQ4MDMsInVybCI6Imh0dHBzOlwvXC9jZXN0ZGFuc2xlc3QtY2Nhcy5mclwvd3AtY29udGVudFwvdXBsb2Fkc1wvMjAyNlwvMDhcL2FjbS1ldGUtYmZjLWp1aWxsZXQtbW9yYmllci1tb3V0aGVfMDAxNF8xMDBfMDc1NC5qcGciLCJzbGlkZXNob3ciOiI1MTUzN2UxZCJ9\" href='https:\/\/cestdanslest-ccas.fr\/wp-content\/uploads\/2026\/08\/acm-ete-bfc-juillet-morbier-mouthe_0014_100_0754.jpg'><img loading=\"lazy\" decoding=\"async\" width=\"800\" height=\"554\" src=\"https:\/\/cestdanslest-ccas.fr\/wp-content\/uploads\/2026\/08\/acm-ete-bfc-juillet-morbier-mouthe_0014_100_0754-1024x709.jpg\" class=\"attachment-large size-large\" alt=\"\" srcset=\"https:\/\/cestdanslest-ccas.fr\/wp-content\/uploads\/2026\/08\/acm-ete-bfc-juillet-morbier-mouthe_0014_100_0754-1024x709.jpg 1024w, https:\/\/cestdanslest-ccas.fr\/wp-content\/uploads\/2026\/08\/acm-ete-bfc-juillet-morbier-mouthe_0014_100_0754-300x208.jpg 300w, https:\/\/cestdanslest-ccas.fr\/wp-content\/uploads\/2026\/08\/acm-ete-bfc-juillet-morbier-mouthe_0014_100_0754-768x532.jpg 768w, https:\/\/cestdanslest-ccas.fr\/wp-content\/uploads\/2026\/08\/acm-ete-bfc-juillet-morbier-mouthe_0014_100_0754.jpg 1535w\" sizes=\"(max-width: 800px) 100vw, 800px\" \/><\/a>\n<a data-elementor-open-lightbox=\"yes\" data-elementor-lightbox-slideshow=\"51537e1d\" data-elementor-lightbox-title=\"acm - \u00e9t\u00e9 - bfc - juillet - morbier mouthe_0015_100_0753\" data-e-action-hash=\"#elementor-action%3Aaction%3Dlightbox%26settings%3DeyJpZCI6MTQ4MDQsInVybCI6Imh0dHBzOlwvXC9jZXN0ZGFuc2xlc3QtY2Nhcy5mclwvd3AtY29udGVudFwvdXBsb2Fkc1wvMjAyNlwvMDhcL2FjbS1ldGUtYmZjLWp1aWxsZXQtbW9yYmllci1tb3V0aGVfMDAxNV8xMDBfMDc1My5qcGciLCJzbGlkZXNob3ciOiI1MTUzN2UxZCJ9\" href='https:\/\/cestdanslest-ccas.fr\/wp-content\/uploads\/2026\/08\/acm-ete-bfc-juillet-morbier-mouthe_0015_100_0753.jpg'><img loading=\"lazy\" decoding=\"async\" width=\"800\" height=\"554\" src=\"https:\/\/cestdanslest-ccas.fr\/wp-content\/uploads\/2026\/08\/acm-ete-bfc-juillet-morbier-mouthe_0015_100_0753-1024x709.jpg\" class=\"attachment-large size-large\" alt=\"\" srcset=\"https:\/\/cestdanslest-ccas.fr\/wp-content\/uploads\/2026\/08\/acm-ete-bfc-juillet-morbier-mouthe_0015_100_0753-1024x709.jpg 1024w, https:\/\/cestdanslest-ccas.fr\/wp-content\/uploads\/2026\/08\/acm-ete-bfc-juillet-morbier-mouthe_0015_100_0753-300x208.jpg 300w, https:\/\/cestdanslest-ccas.fr\/wp-content\/uploads\/2026\/08\/acm-ete-bfc-juillet-morbier-mouthe_0015_100_0753-768x532.jpg 768w, https:\/\/cestdanslest-ccas.fr\/wp-content\/uploads\/2026\/08\/acm-ete-bfc-juillet-morbier-mouthe_0015_100_0753.jpg 1535w\" sizes=\"(max-width: 800px) 100vw, 800px\" \/><\/a>\n<a data-elementor-open-lightbox=\"yes\" data-elementor-lightbox-slideshow=\"51537e1d\" data-elementor-lightbox-title=\"acm - \u00e9t\u00e9 - bfc - juillet - morbier mouthe_0016_100_0749\" data-e-action-hash=\"#elementor-action%3Aaction%3Dlightbox%26settings%3DeyJpZCI6MTQ4MDUsInVybCI6Imh0dHBzOlwvXC9jZXN0ZGFuc2xlc3QtY2Nhcy5mclwvd3AtY29udGVudFwvdXBsb2Fkc1wvMjAyNlwvMDhcL2FjbS1ldGUtYmZjLWp1aWxsZXQtbW9yYmllci1tb3V0aGVfMDAxNl8xMDBfMDc0OS5qcGciLCJzbGlkZXNob3ciOiI1MTUzN2UxZCJ9\" href='https:\/\/cestdanslest-ccas.fr\/wp-content\/uploads\/2026\/08\/acm-ete-bfc-juillet-morbier-mouthe_0016_100_0749.jpg'><img loading=\"lazy\" decoding=\"async\" width=\"800\" height=\"554\" src=\"https:\/\/cestdanslest-ccas.fr\/wp-content\/uploads\/2026\/08\/acm-ete-bfc-juillet-morbier-mouthe_0016_100_0749-1024x709.jpg\" class=\"attachment-large size-large\" alt=\"\" srcset=\"https:\/\/cestdanslest-ccas.fr\/wp-content\/uploads\/2026\/08\/acm-ete-bfc-juillet-morbier-mouthe_0016_100_0749-1024x709.jpg 1024w, https:\/\/cestdanslest-ccas.fr\/wp-content\/uploads\/2026\/08\/acm-ete-bfc-juillet-morbier-mouthe_0016_100_0749-300x208.jpg 300w, https:\/\/cestdanslest-ccas.fr\/wp-content\/uploads\/2026\/08\/acm-ete-bfc-juillet-morbier-mouthe_0016_100_0749-768x532.jpg 768w, https:\/\/cestdanslest-ccas.fr\/wp-content\/uploads\/2026\/08\/acm-ete-bfc-juillet-morbier-mouthe_0016_100_0749.jpg 1535w\" sizes=\"(max-width: 800px) 100vw, 800px\" \/><\/a>\n<a data-elementor-open-lightbox=\"yes\" data-elementor-lightbox-slideshow=\"51537e1d\" data-elementor-lightbox-title=\"acm - \u00e9t\u00e9 - bfc - juillet - morbier mouthe_0017_100_0748\" data-e-action-hash=\"#elementor-action%3Aaction%3Dlightbox%26settings%3DeyJpZCI6MTQ4MDYsInVybCI6Imh0dHBzOlwvXC9jZXN0ZGFuc2xlc3QtY2Nhcy5mclwvd3AtY29udGVudFwvdXBsb2Fkc1wvMjAyNlwvMDhcL2FjbS1ldGUtYmZjLWp1aWxsZXQtbW9yYmllci1tb3V0aGVfMDAxN18xMDBfMDc0OC5qcGciLCJzbGlkZXNob3ciOiI1MTUzN2UxZCJ9\" href='https:\/\/cestdanslest-ccas.fr\/wp-content\/uploads\/2026\/08\/acm-ete-bfc-juillet-morbier-mouthe_0017_100_0748.jpg'><img loading=\"lazy\" decoding=\"async\" width=\"800\" height=\"554\" src=\"https:\/\/cestdanslest-ccas.fr\/wp-content\/uploads\/2026\/08\/acm-ete-bfc-juillet-morbier-mouthe_0017_100_0748-1024x709.jpg\" class=\"attachment-large size-large\" alt=\"\" srcset=\"https:\/\/cestdanslest-ccas.fr\/wp-content\/uploads\/2026\/08\/acm-ete-bfc-juillet-morbier-mouthe_0017_100_0748-1024x709.jpg 1024w, https:\/\/cestdanslest-ccas.fr\/wp-content\/uploads\/2026\/08\/acm-ete-bfc-juillet-morbier-mouthe_0017_100_0748-300x208.jpg 300w, https:\/\/cestdanslest-ccas.fr\/wp-content\/uploads\/2026\/08\/acm-ete-bfc-juillet-morbier-mouthe_0017_100_0748-768x532.jpg 768w, https:\/\/cestdanslest-ccas.fr\/wp-content\/uploads\/2026\/08\/acm-ete-bfc-juillet-morbier-mouthe_0017_100_0748.jpg 1535w\" sizes=\"(max-width: 800px) 100vw, 800px\" \/><\/a>\n<a data-elementor-open-lightbox=\"yes\" data-elementor-lightbox-slideshow=\"51537e1d\" data-elementor-lightbox-title=\"acm - \u00e9t\u00e9 - bfc - juillet - morbier mouthe_0018_100_0747\" data-e-action-hash=\"#elementor-action%3Aaction%3Dlightbox%26settings%3DeyJpZCI6MTQ4MDcsInVybCI6Imh0dHBzOlwvXC9jZXN0ZGFuc2xlc3QtY2Nhcy5mclwvd3AtY29udGVudFwvdXBsb2Fkc1wvMjAyNlwvMDhcL2FjbS1ldGUtYmZjLWp1aWxsZXQtbW9yYmllci1tb3V0aGVfMDAxOF8xMDBfMDc0Ny5qcGciLCJzbGlkZXNob3ciOiI1MTUzN2UxZCJ9\" href='https:\/\/cestdanslest-ccas.fr\/wp-content\/uploads\/2026\/08\/acm-ete-bfc-juillet-morbier-mouthe_0018_100_0747.jpg'><img loading=\"lazy\" decoding=\"async\" width=\"800\" height=\"554\" src=\"https:\/\/cestdanslest-ccas.fr\/wp-content\/uploads\/2026\/08\/acm-ete-bfc-juillet-morbier-mouthe_0018_100_0747-1024x709.jpg\" class=\"attachment-large size-large\" alt=\"\" srcset=\"https:\/\/cestdanslest-ccas.fr\/wp-content\/uploads\/2026\/08\/acm-ete-bfc-juillet-morbier-mouthe_0018_100_0747-1024x709.jpg 1024w, https:\/\/cestdanslest-ccas.fr\/wp-content\/uploads\/2026\/08\/acm-ete-bfc-juillet-morbier-mouthe_0018_100_0747-300x208.jpg 300w, https:\/\/cestdanslest-ccas.fr\/wp-content\/uploads\/2026\/08\/acm-ete-bfc-juillet-morbier-mouthe_0018_100_0747-768x532.jpg 768w, https:\/\/cestdanslest-ccas.fr\/wp-content\/uploads\/2026\/08\/acm-ete-bfc-juillet-morbier-mouthe_0018_100_0747.jpg 1535w\" sizes=\"(max-width: 800px) 100vw, 800px\" \/><\/a>\n<a data-elementor-open-lightbox=\"yes\" data-elementor-lightbox-slideshow=\"51537e1d\" data-elementor-lightbox-title=\"acm - \u00e9t\u00e9 - bfc - juillet - morbier mouthe_0019_100_0745\" data-e-action-hash=\"#elementor-action%3Aaction%3Dlightbox%26settings%3DeyJpZCI6MTQ4MDgsInVybCI6Imh0dHBzOlwvXC9jZXN0ZGFuc2xlc3QtY2Nhcy5mclwvd3AtY29udGVudFwvdXBsb2Fkc1wvMjAyNlwvMDhcL2FjbS1ldGUtYmZjLWp1aWxsZXQtbW9yYmllci1tb3V0aGVfMDAxOV8xMDBfMDc0NS5qcGciLCJzbGlkZXNob3ciOiI1MTUzN2UxZCJ9\" href='https:\/\/cestdanslest-ccas.fr\/wp-content\/uploads\/2026\/08\/acm-ete-bfc-juillet-morbier-mouthe_0019_100_0745.jpg'><img loading=\"lazy\" decoding=\"async\" width=\"800\" height=\"554\" src=\"https:\/\/cestdanslest-ccas.fr\/wp-content\/uploads\/2026\/08\/acm-ete-bfc-juillet-morbier-mouthe_0019_100_0745-1024x709.jpg\" class=\"attachment-large size-large\" alt=\"\" srcset=\"https:\/\/cestdanslest-ccas.fr\/wp-content\/uploads\/2026\/08\/acm-ete-bfc-juillet-morbier-mouthe_0019_100_0745-1024x709.jpg 1024w, https:\/\/cestdanslest-ccas.fr\/wp-content\/uploads\/2026\/08\/acm-ete-bfc-juillet-morbier-mouthe_0019_100_0745-300x208.jpg 300w, https:\/\/cestdanslest-ccas.fr\/wp-content\/uploads\/2026\/08\/acm-ete-bfc-juillet-morbier-mouthe_0019_100_0745-768x532.jpg 768w, https:\/\/cestdanslest-ccas.fr\/wp-content\/uploads\/2026\/08\/acm-ete-bfc-juillet-morbier-mouthe_0019_100_0745.jpg 1535w\" sizes=\"(max-width: 800px) 100vw, 800px\" \/><\/a>\n<a data-elementor-open-lightbox=\"yes\" data-elementor-lightbox-slideshow=\"51537e1d\" data-elementor-lightbox-title=\"acm - \u00e9t\u00e9 - bfc - juillet - morbier mouthe_0020_100_0744\" data-e-action-hash=\"#elementor-action%3Aaction%3Dlightbox%26settings%3DeyJpZCI6MTQ4MDksInVybCI6Imh0dHBzOlwvXC9jZXN0ZGFuc2xlc3QtY2Nhcy5mclwvd3AtY29udGVudFwvdXBsb2Fkc1wvMjAyNlwvMDhcL2FjbS1ldGUtYmZjLWp1aWxsZXQtbW9yYmllci1tb3V0aGVfMDAyMF8xMDBfMDc0NC5qcGciLCJzbGlkZXNob3ciOiI1MTUzN2UxZCJ9\" href='https:\/\/cestdanslest-ccas.fr\/wp-content\/uploads\/2026\/08\/acm-ete-bfc-juillet-morbier-mouthe_0020_100_0744.jpg'><img loading=\"lazy\" decoding=\"async\" width=\"800\" height=\"554\" src=\"https:\/\/cestdanslest-ccas.fr\/wp-content\/uploads\/2026\/08\/acm-ete-bfc-juillet-morbier-mouthe_0020_100_0744-1024x709.jpg\" class=\"attachment-large size-large\" alt=\"\" srcset=\"https:\/\/cestdanslest-ccas.fr\/wp-content\/uploads\/2026\/08\/acm-ete-bfc-juillet-morbier-mouthe_0020_100_0744-1024x709.jpg 1024w, https:\/\/cestdanslest-ccas.fr\/wp-content\/uploads\/2026\/08\/acm-ete-bfc-juillet-morbier-mouthe_0020_100_0744-300x208.jpg 300w, https:\/\/cestdanslest-ccas.fr\/wp-content\/uploads\/2026\/08\/acm-ete-bfc-juillet-morbier-mouthe_0020_100_0744-768x532.jpg 768w, https:\/\/cestdanslest-ccas.fr\/wp-content\/uploads\/2026\/08\/acm-ete-bfc-juillet-morbier-mouthe_0020_100_0744.jpg 1535w\" sizes=\"(max-width: 800px) 100vw, 800px\" \/><\/a>\n<a data-elementor-open-lightbox=\"yes\" data-elementor-lightbox-slideshow=\"51537e1d\" data-elementor-lightbox-title=\"acm - \u00e9t\u00e9 - bfc - juillet - morbier mouthe_0021_100_0743\" data-e-action-hash=\"#elementor-action%3Aaction%3Dlightbox%26settings%3DeyJpZCI6MTQ4MTAsInVybCI6Imh0dHBzOlwvXC9jZXN0ZGFuc2xlc3QtY2Nhcy5mclwvd3AtY29udGVudFwvdXBsb2Fkc1wvMjAyNlwvMDhcL2FjbS1ldGUtYmZjLWp1aWxsZXQtbW9yYmllci1tb3V0aGVfMDAyMV8xMDBfMDc0My5qcGciLCJzbGlkZXNob3ciOiI1MTUzN2UxZCJ9\" href='https:\/\/cestdanslest-ccas.fr\/wp-content\/uploads\/2026\/08\/acm-ete-bfc-juillet-morbier-mouthe_0021_100_0743.jpg'><img loading=\"lazy\" decoding=\"async\" width=\"800\" height=\"554\" src=\"https:\/\/cestdanslest-ccas.fr\/wp-content\/uploads\/2026\/08\/acm-ete-bfc-juillet-morbier-mouthe_0021_100_0743-1024x709.jpg\" class=\"attachment-large size-large\" alt=\"\" srcset=\"https:\/\/cestdanslest-ccas.fr\/wp-content\/uploads\/2026\/08\/acm-ete-bfc-juillet-morbier-mouthe_0021_100_0743-1024x709.jpg 1024w, https:\/\/cestdanslest-ccas.fr\/wp-content\/uploads\/2026\/08\/acm-ete-bfc-juillet-morbier-mouthe_0021_100_0743-300x208.jpg 300w, https:\/\/cestdanslest-ccas.fr\/wp-content\/uploads\/2026\/08\/acm-ete-bfc-juillet-morbier-mouthe_0021_100_0743-768x532.jpg 768w, https:\/\/cestdanslest-ccas.fr\/wp-content\/uploads\/2026\/08\/acm-ete-bfc-juillet-morbier-mouthe_0021_100_0743.jpg 1535w\" sizes=\"(max-width: 800px) 100vw, 800px\" \/><\/a>\n<a data-elementor-open-lightbox=\"yes\" data-elementor-lightbox-slideshow=\"51537e1d\" data-elementor-lightbox-title=\"acm - \u00e9t\u00e9 - bfc - juillet - morbier mouthe_0022_100_0742\" data-e-action-hash=\"#elementor-action%3Aaction%3Dlightbox%26settings%3DeyJpZCI6MTQ4MTEsInVybCI6Imh0dHBzOlwvXC9jZXN0ZGFuc2xlc3QtY2Nhcy5mclwvd3AtY29udGVudFwvdXBsb2Fkc1wvMjAyNlwvMDhcL2FjbS1ldGUtYmZjLWp1aWxsZXQtbW9yYmllci1tb3V0aGVfMDAyMl8xMDBfMDc0Mi5qcGciLCJzbGlkZXNob3ciOiI1MTUzN2UxZCJ9\" href='https:\/\/cestdanslest-ccas.fr\/wp-content\/uploads\/2026\/08\/acm-ete-bfc-juillet-morbier-mouthe_0022_100_0742.jpg'><img loading=\"lazy\" decoding=\"async\" width=\"800\" height=\"554\" src=\"https:\/\/cestdanslest-ccas.fr\/wp-content\/uploads\/2026\/08\/acm-ete-bfc-juillet-morbier-mouthe_0022_100_0742-1024x709.jpg\" class=\"attachment-large size-large\" alt=\"\" srcset=\"https:\/\/cestdanslest-ccas.fr\/wp-content\/uploads\/2026\/08\/acm-ete-bfc-juillet-morbier-mouthe_0022_100_0742-1024x709.jpg 1024w, https:\/\/cestdanslest-ccas.fr\/wp-content\/uploads\/2026\/08\/acm-ete-bfc-juillet-morbier-mouthe_0022_100_0742-300x208.jpg 300w, https:\/\/cestdanslest-ccas.fr\/wp-content\/uploads\/2026\/08\/acm-ete-bfc-juillet-morbier-mouthe_0022_100_0742-768x532.jpg 768w, https:\/\/cestdanslest-ccas.fr\/wp-content\/uploads\/2026\/08\/acm-ete-bfc-juillet-morbier-mouthe_0022_100_0742.jpg 1535w\" sizes=\"(max-width: 800px) 100vw, 800px\" \/><\/a>\n<a data-elementor-open-lightbox=\"yes\" data-elementor-lightbox-slideshow=\"51537e1d\" data-elementor-lightbox-title=\"acm - \u00e9t\u00e9 - bfc - juillet - morbier mouthe_0023_100_0741\" data-e-action-hash=\"#elementor-action%3Aaction%3Dlightbox%26settings%3DeyJpZCI6MTQ4MTIsInVybCI6Imh0dHBzOlwvXC9jZXN0ZGFuc2xlc3QtY2Nhcy5mclwvd3AtY29udGVudFwvdXBsb2Fkc1wvMjAyNlwvMDhcL2FjbS1ldGUtYmZjLWp1aWxsZXQtbW9yYmllci1tb3V0aGVfMDAyM18xMDBfMDc0MS5qcGciLCJzbGlkZXNob3ciOiI1MTUzN2UxZCJ9\" href='https:\/\/cestdanslest-ccas.fr\/wp-content\/uploads\/2026\/08\/acm-ete-bfc-juillet-morbier-mouthe_0023_100_0741.jpg'><img loading=\"lazy\" decoding=\"async\" width=\"800\" height=\"554\" src=\"https:\/\/cestdanslest-ccas.fr\/wp-content\/uploads\/2026\/08\/acm-ete-bfc-juillet-morbier-mouthe_0023_100_0741-1024x709.jpg\" class=\"attachment-large size-large\" alt=\"\" srcset=\"https:\/\/cestdanslest-ccas.fr\/wp-content\/uploads\/2026\/08\/acm-ete-bfc-juillet-morbier-mouthe_0023_100_0741-1024x709.jpg 1024w, https:\/\/cestdanslest-ccas.fr\/wp-content\/uploads\/2026\/08\/acm-ete-bfc-juillet-morbier-mouthe_0023_100_0741-300x208.jpg 300w, https:\/\/cestdanslest-ccas.fr\/wp-content\/uploads\/2026\/08\/acm-ete-bfc-juillet-morbier-mouthe_0023_100_0741-768x532.jpg 768w, https:\/\/cestdanslest-ccas.fr\/wp-content\/uploads\/2026\/08\/acm-ete-bfc-juillet-morbier-mouthe_0023_100_0741.jpg 1535w\" sizes=\"(max-width: 800px) 100vw, 800px\" \/><\/a>\n<a data-elementor-open-lightbox=\"yes\" data-elementor-lightbox-slideshow=\"51537e1d\" data-elementor-lightbox-title=\"acm - \u00e9t\u00e9 - bfc - juillet - morbier mouthe_0024_100_0740\" data-e-action-hash=\"#elementor-action%3Aaction%3Dlightbox%26settings%3DeyJpZCI6MTQ4MTMsInVybCI6Imh0dHBzOlwvXC9jZXN0ZGFuc2xlc3QtY2Nhcy5mclwvd3AtY29udGVudFwvdXBsb2Fkc1wvMjAyNlwvMDhcL2FjbS1ldGUtYmZjLWp1aWxsZXQtbW9yYmllci1tb3V0aGVfMDAyNF8xMDBfMDc0MC5qcGciLCJzbGlkZXNob3ciOiI1MTUzN2UxZCJ9\" href='https:\/\/cestdanslest-ccas.fr\/wp-content\/uploads\/2026\/08\/acm-ete-bfc-juillet-morbier-mouthe_0024_100_0740.jpg'><img loading=\"lazy\" decoding=\"async\" width=\"800\" height=\"554\" src=\"https:\/\/cestdanslest-ccas.fr\/wp-content\/uploads\/2026\/08\/acm-ete-bfc-juillet-morbier-mouthe_0024_100_0740-1024x709.jpg\" class=\"attachment-large size-large\" alt=\"\" srcset=\"https:\/\/cestdanslest-ccas.fr\/wp-content\/uploads\/2026\/08\/acm-ete-bfc-juillet-morbier-mouthe_0024_100_0740-1024x709.jpg 1024w, https:\/\/cestdanslest-ccas.fr\/wp-content\/uploads\/2026\/08\/acm-ete-bfc-juillet-morbier-mouthe_0024_100_0740-300x208.jpg 300w, https:\/\/cestdanslest-ccas.fr\/wp-content\/uploads\/2026\/08\/acm-ete-bfc-juillet-morbier-mouthe_0024_100_0740-768x532.jpg 768w, https:\/\/cestdanslest-ccas.fr\/wp-content\/uploads\/2026\/08\/acm-ete-bfc-juillet-morbier-mouthe_0024_100_0740.jpg 1535w\" sizes=\"(max-width: 800px) 100vw, 800px\" \/><\/a>\n<a data-elementor-open-lightbox=\"yes\" data-elementor-lightbox-slideshow=\"51537e1d\" data-elementor-lightbox-title=\"acm - \u00e9t\u00e9 - bfc - juillet - morbier mouthe_0025_100_0737\" data-e-action-hash=\"#elementor-action%3Aaction%3Dlightbox%26settings%3DeyJpZCI6MTQ4MTQsInVybCI6Imh0dHBzOlwvXC9jZXN0ZGFuc2xlc3QtY2Nhcy5mclwvd3AtY29udGVudFwvdXBsb2Fkc1wvMjAyNlwvMDhcL2FjbS1ldGUtYmZjLWp1aWxsZXQtbW9yYmllci1tb3V0aGVfMDAyNV8xMDBfMDczNy5qcGciLCJzbGlkZXNob3ciOiI1MTUzN2UxZCJ9\" href='https:\/\/cestdanslest-ccas.fr\/wp-content\/uploads\/2026\/08\/acm-ete-bfc-juillet-morbier-mouthe_0025_100_0737.jpg'><img loading=\"lazy\" decoding=\"async\" width=\"800\" height=\"554\" src=\"https:\/\/cestdanslest-ccas.fr\/wp-content\/uploads\/2026\/08\/acm-ete-bfc-juillet-morbier-mouthe_0025_100_0737-1024x709.jpg\" class=\"attachment-large size-large\" alt=\"\" srcset=\"https:\/\/cestdanslest-ccas.fr\/wp-content\/uploads\/2026\/08\/acm-ete-bfc-juillet-morbier-mouthe_0025_100_0737-1024x709.jpg 1024w, https:\/\/cestdanslest-ccas.fr\/wp-content\/uploads\/2026\/08\/acm-ete-bfc-juillet-morbier-mouthe_0025_100_0737-300x208.jpg 300w, https:\/\/cestdanslest-ccas.fr\/wp-content\/uploads\/2026\/08\/acm-ete-bfc-juillet-morbier-mouthe_0025_100_0737-768x532.jpg 768w, https:\/\/cestdanslest-ccas.fr\/wp-content\/uploads\/2026\/08\/acm-ete-bfc-juillet-morbier-mouthe_0025_100_0737.jpg 1535w\" sizes=\"(max-width: 800px) 100vw, 800px\" \/><\/a>\n\t\t<\/div>\n\t\t\t\t\t\t<\/div>\n\t\t\t\t<\/div>\n\t\t\t\t\t<\/div>\n\t\t<\/div>\n\t\t\t\t\t<\/div>\n\t\t<\/section>\n\t\t\t\t<section class=\"elementor-section elementor-top-section elementor-element elementor-element-46902551 elementor-section-boxed elementor-section-height-default elementor-section-height-default wpr-particle-no wpr-jarallax-no wpr-parallax-no wpr-sticky-section-no wpr-column-slider-no wpr-equal-height-no\" data-id=\"46902551\" data-element_type=\"section\" data-e-type=\"section\">\n\t\t\t\t\t\t<div class=\"elementor-container elementor-column-gap-default\">\n\t\t\t\t\t<div class=\"elementor-column elementor-col-100 elementor-top-column elementor-element elementor-element-6baf1555\" data-id=\"6baf1555\" data-element_type=\"column\" data-e-type=\"column\">\n\t\t\t<div class=\"elementor-widget-wrap elementor-element-populated\">\n\t\t\t\t\t\t<div class=\"elementor-element elementor-element-27c51909 elementor-widget elementor-widget-spacer\" data-id=\"27c51909\" data-element_type=\"widget\" data-e-type=\"widget\" data-widget_type=\"spacer.default\">\n\t\t\t\t<div class=\"elementor-widget-container\">\n\t\t\t\t\t\t\t<div class=\"elementor-spacer\">\n\t\t\t<div class=\"elementor-spacer-inner\"><\/div>\n\t\t<\/div>\n\t\t\t\t\t\t<\/div>\n\t\t\t\t<\/div>\n\t\t\t\t\t<\/div>\n\t\t<\/div>\n\t\t\t\t\t<\/div>\n\t\t<\/section>\n\t\t\t\t<\/div>\n\t\t","protected":false},"excerpt":{"rendered":"<p>Cet \u00e9t\u00e9, les ados ont assur\u00e9 ! Cet \u00e9t\u00e9, les ados venus s\u00e9journer sur le territoire Bourgogne-Franche-Comt\u00e9 ont pleinement profit\u00e9 de leurs vacances ! Entre d\u00e9couvertes, activit\u00e9s et moments de partage, ils ont v\u00e9cu de belles exp\u00e9riences et sont repartis avec de nombreux souvenirs en t\u00eate.<\/p>\n","protected":false},"author":18,"featured_media":14818,"comment_status":"closed","ping_status":"closed","sticky":false,"template":"elementor_header_footer","format":"standard","meta":{"_monsterinsights_skip_tracking":false,"footnotes":""},"categories":[54,15],"tags":[],"class_list":["post-14776","post","type-post","status-publish","format-standard","has-post-thumbnail","hentry","category-insta-est","category-sejours-activites"],"yoast_head":"<!-- This site is optimized with the Yoast SEO plugin v28.4 - https:\/\/yoast.com\/product\/yoast-seo-wordpress\/ -->\n<title>Les ados s&#039;\u00e9clatent en Bourgogne-Franche-Comt\u00e9 - CCAS<\/title>\n<meta name=\"robots\" content=\"noindex, follow, max-snippet:-1, max-image-preview:large, max-video-preview:-1\" \/>\n<meta property=\"og:locale\" content=\"fr_FR\" \/>\n<meta property=\"og:type\" content=\"article\" \/>\n<meta property=\"og:title\" content=\"Les ados s&#039;\u00e9clatent en Bourgogne-Franche-Comt\u00e9 - CCAS\" \/>\n<meta property=\"og:description\" content=\"Cet \u00e9t\u00e9, les ados ont assur\u00e9 ! Cet \u00e9t\u00e9, les ados venus s\u00e9journer sur le territoire Bourgogne-Franche-Comt\u00e9 ont pleinement profit\u00e9 de leurs vacances ! Entre d\u00e9couvertes, activit\u00e9s et moments de partage, ils ont v\u00e9cu de belles exp\u00e9riences et sont repartis avec de nombreux souvenirs en t\u00eate.\" \/>\n<meta property=\"og:url\" content=\"https:\/\/cestdanslest-ccas.fr\/index.php\/2026\/08\/31\/les-ados-seclatent-en-bourgogne-franche-comte\/\" \/>\n<meta property=\"og:site_name\" content=\"CCAS\" \/>\n<meta property=\"article:published_time\" content=\"2026-08-31T04:39:00+00:00\" \/>\n<meta property=\"article:modified_time\" content=\"2026-09-01T08:33:34+00:00\" \/>\n<meta property=\"og:image\" content=\"https:\/\/cestdanslest-ccas.fr\/wp-content\/uploads\/2026\/08\/sa-acm-ete-bfc-flash-est.png\" \/>\n\t<meta property=\"og:image:width\" content=\"430\" \/>\n\t<meta property=\"og:image:height\" content=\"570\" \/>\n\t<meta property=\"og:image:type\" content=\"image\/png\" \/>\n<meta name=\"author\" content=\"Marianne Feite\" \/>\n<meta name=\"twitter:card\" content=\"summary_large_image\" \/>\n<meta name=\"twitter:label1\" content=\"\u00c9crit par\" \/>\n\t<meta name=\"twitter:data1\" content=\"Marianne Feite\" \/>\n\t<meta name=\"twitter:label2\" content=\"Dur\u00e9e de lecture estim\u00e9e\" \/>\n\t<meta name=\"twitter:data2\" content=\"8 minutes\" \/>\n<script type=\"application\/ld+json\" class=\"yoast-schema-graph\">{\"@context\":\"https:\\\/\\\/schema.org\",\"@graph\":[{\"@type\":\"Article\",\"@id\":\"https:\\\/\\\/cestdanslest-ccas.fr\\\/index.php\\\/2026\\\/08\\\/31\\\/les-ados-seclatent-en-bourgogne-franche-comte\\\/#article\",\"isPartOf\":{\"@id\":\"https:\\\/\\\/cestdanslest-ccas.fr\\\/index.php\\\/2026\\\/08\\\/31\\\/les-ados-seclatent-en-bourgogne-franche-comte\\\/\"},\"author\":{\"name\":\"Marianne Feite\",\"@id\":\"https:\\\/\\\/cestdanslest-ccas.fr\\\/#\\\/schema\\\/person\\\/a2559eeb9be3225d5baa4fcf005086e9\"},\"headline\":\"Les ados s&rsquo;\u00e9clatent en Bourgogne-Franche-Comt\u00e9\",\"datePublished\":\"2026-08-31T04:39:00+00:00\",\"dateModified\":\"2026-09-01T08:33:34+00:00\",\"mainEntityOfPage\":{\"@id\":\"https:\\\/\\\/cestdanslest-ccas.fr\\\/index.php\\\/2026\\\/08\\\/31\\\/les-ados-seclatent-en-bourgogne-franche-comte\\\/\"},\"wordCount\":56,\"publisher\":{\"@id\":\"https:\\\/\\\/cestdanslest-ccas.fr\\\/#organization\"},\"image\":{\"@id\":\"https:\\\/\\\/cestdanslest-ccas.fr\\\/index.php\\\/2026\\\/08\\\/31\\\/les-ados-seclatent-en-bourgogne-franche-comte\\\/#primaryimage\"},\"thumbnailUrl\":\"https:\\\/\\\/cestdanslest-ccas.fr\\\/wp-content\\\/uploads\\\/2026\\\/08\\\/sa-acm-ete-bfc-flash-est.png\",\"articleSection\":[\"Insta-Est\",\"S\u00e9jours Activit\u00e9s\"],\"inLanguage\":\"fr-FR\"},{\"@type\":\"WebPage\",\"@id\":\"https:\\\/\\\/cestdanslest-ccas.fr\\\/index.php\\\/2026\\\/08\\\/31\\\/les-ados-seclatent-en-bourgogne-franche-comte\\\/\",\"url\":\"https:\\\/\\\/cestdanslest-ccas.fr\\\/index.php\\\/2026\\\/08\\\/31\\\/les-ados-seclatent-en-bourgogne-franche-comte\\\/\",\"name\":\"Les ados s'\u00e9clatent en Bourgogne-Franche-Comt\u00e9 - CCAS\",\"isPartOf\":{\"@id\":\"https:\\\/\\\/cestdanslest-ccas.fr\\\/#website\"},\"primaryImageOfPage\":{\"@id\":\"https:\\\/\\\/cestdanslest-ccas.fr\\\/index.php\\\/2026\\\/08\\\/31\\\/les-ados-seclatent-en-bourgogne-franche-comte\\\/#primaryimage\"},\"image\":{\"@id\":\"https:\\\/\\\/cestdanslest-ccas.fr\\\/index.php\\\/2026\\\/08\\\/31\\\/les-ados-seclatent-en-bourgogne-franche-comte\\\/#primaryimage\"},\"thumbnailUrl\":\"https:\\\/\\\/cestdanslest-ccas.fr\\\/wp-content\\\/uploads\\\/2026\\\/08\\\/sa-acm-ete-bfc-flash-est.png\",\"datePublished\":\"2026-08-31T04:39:00+00:00\",\"dateModified\":\"2026-09-01T08:33:34+00:00\",\"breadcrumb\":{\"@id\":\"https:\\\/\\\/cestdanslest-ccas.fr\\\/index.php\\\/2026\\\/08\\\/31\\\/les-ados-seclatent-en-bourgogne-franche-comte\\\/#breadcrumb\"},\"inLanguage\":\"fr-FR\",\"potentialAction\":[{\"@type\":\"ReadAction\",\"target\":[\"https:\\\/\\\/cestdanslest-ccas.fr\\\/index.php\\\/2026\\\/08\\\/31\\\/les-ados-seclatent-en-bourgogne-franche-comte\\\/\"]}]},{\"@type\":\"ImageObject\",\"inLanguage\":\"fr-FR\",\"@id\":\"https:\\\/\\\/cestdanslest-ccas.fr\\\/index.php\\\/2026\\\/08\\\/31\\\/les-ados-seclatent-en-bourgogne-franche-comte\\\/#primaryimage\",\"url\":\"https:\\\/\\\/cestdanslest-ccas.fr\\\/wp-content\\\/uploads\\\/2026\\\/08\\\/sa-acm-ete-bfc-flash-est.png\",\"contentUrl\":\"https:\\\/\\\/cestdanslest-ccas.fr\\\/wp-content\\\/uploads\\\/2026\\\/08\\\/sa-acm-ete-bfc-flash-est.png\",\"width\":430,\"height\":570},{\"@type\":\"BreadcrumbList\",\"@id\":\"https:\\\/\\\/cestdanslest-ccas.fr\\\/index.php\\\/2026\\\/08\\\/31\\\/les-ados-seclatent-en-bourgogne-franche-comte\\\/#breadcrumb\",\"itemListElement\":[{\"@type\":\"ListItem\",\"position\":1,\"name\":\"Accueil\",\"item\":\"https:\\\/\\\/cestdanslest-ccas.fr\\\/\"},{\"@type\":\"ListItem\",\"position\":2,\"name\":\"Les ados s&rsquo;\u00e9clatent en Bourgogne-Franche-Comt\u00e9\"}]},{\"@type\":\"WebSite\",\"@id\":\"https:\\\/\\\/cestdanslest-ccas.fr\\\/#website\",\"url\":\"https:\\\/\\\/cestdanslest-ccas.fr\\\/\",\"name\":\"CCAS\",\"description\":\"\",\"publisher\":{\"@id\":\"https:\\\/\\\/cestdanslest-ccas.fr\\\/#organization\"},\"potentialAction\":[{\"@type\":\"SearchAction\",\"target\":{\"@type\":\"EntryPoint\",\"urlTemplate\":\"https:\\\/\\\/cestdanslest-ccas.fr\\\/?s={search_term_string}\"},\"query-input\":{\"@type\":\"PropertyValueSpecification\",\"valueRequired\":true,\"valueName\":\"search_term_string\"}}],\"inLanguage\":\"fr-FR\"},{\"@type\":\"Organization\",\"@id\":\"https:\\\/\\\/cestdanslest-ccas.fr\\\/#organization\",\"name\":\"CCAS\",\"url\":\"https:\\\/\\\/cestdanslest-ccas.fr\\\/\",\"logo\":{\"@type\":\"ImageObject\",\"inLanguage\":\"fr-FR\",\"@id\":\"https:\\\/\\\/cestdanslest-ccas.fr\\\/#\\\/schema\\\/logo\\\/image\\\/\",\"url\":\"https:\\\/\\\/cestdanslest-ccas.fr\\\/wp-content\\\/uploads\\\/2023\\\/08\\\/Plan-de-travail-1-1.png\",\"contentUrl\":\"https:\\\/\\\/cestdanslest-ccas.fr\\\/wp-content\\\/uploads\\\/2023\\\/08\\\/Plan-de-travail-1-1.png\",\"width\":777,\"height\":224,\"caption\":\"CCAS\"},\"image\":{\"@id\":\"https:\\\/\\\/cestdanslest-ccas.fr\\\/#\\\/schema\\\/logo\\\/image\\\/\"}},{\"@type\":\"Person\",\"@id\":\"https:\\\/\\\/cestdanslest-ccas.fr\\\/#\\\/schema\\\/person\\\/a2559eeb9be3225d5baa4fcf005086e9\",\"name\":\"Marianne Feite\",\"image\":{\"@type\":\"ImageObject\",\"inLanguage\":\"fr-FR\",\"@id\":\"https:\\\/\\\/secure.gravatar.com\\\/avatar\\\/77349ee25b6b235fc22d980ea06ea8eb6da21c266f626027e9bf0103c521213d?s=96&d=mm&r=g\",\"url\":\"https:\\\/\\\/secure.gravatar.com\\\/avatar\\\/77349ee25b6b235fc22d980ea06ea8eb6da21c266f626027e9bf0103c521213d?s=96&d=mm&r=g\",\"contentUrl\":\"https:\\\/\\\/secure.gravatar.com\\\/avatar\\\/77349ee25b6b235fc22d980ea06ea8eb6da21c266f626027e9bf0103c521213d?s=96&d=mm&r=g\",\"caption\":\"Marianne Feite\"},\"url\":\"https:\\\/\\\/cestdanslest-ccas.fr\\\/index.php\\\/author\\\/marianne-feiteasmeg-org\\\/\"}]}<\/script>\n<!-- \/ Yoast SEO plugin. -->","yoast_head_json":{"title":"Les ados s'\u00e9clatent en Bourgogne-Franche-Comt\u00e9 - CCAS","robots":{"index":"noindex","follow":"follow","max-snippet":"max-snippet:-1","max-image-preview":"max-image-preview:large","max-video-preview":"max-video-preview:-1"},"og_locale":"fr_FR","og_type":"article","og_title":"Les ados s'\u00e9clatent en Bourgogne-Franche-Comt\u00e9 - CCAS","og_description":"Cet \u00e9t\u00e9, les ados ont assur\u00e9 ! Cet \u00e9t\u00e9, les ados venus s\u00e9journer sur le territoire Bourgogne-Franche-Comt\u00e9 ont pleinement profit\u00e9 de leurs vacances ! Entre d\u00e9couvertes, activit\u00e9s et moments de partage, ils ont v\u00e9cu de belles exp\u00e9riences et sont repartis avec de nombreux souvenirs en t\u00eate.","og_url":"https:\/\/cestdanslest-ccas.fr\/index.php\/2026\/08\/31\/les-ados-seclatent-en-bourgogne-franche-comte\/","og_site_name":"CCAS","article_published_time":"2026-08-31T04:39:00+00:00","article_modified_time":"2026-09-01T08:33:34+00:00","og_image":[{"width":430,"height":570,"url":"https:\/\/cestdanslest-ccas.fr\/wp-content\/uploads\/2026\/08\/sa-acm-ete-bfc-flash-est.png","type":"image\/png"}],"author":"Marianne Feite","twitter_card":"summary_large_image","twitter_misc":{"\u00c9crit par":"Marianne Feite","Dur\u00e9e de lecture estim\u00e9e":"8 minutes"},"schema":{"@context":"https:\/\/schema.org","@graph":[{"@type":"Article","@id":"https:\/\/cestdanslest-ccas.fr\/index.php\/2026\/08\/31\/les-ados-seclatent-en-bourgogne-franche-comte\/#article","isPartOf":{"@id":"https:\/\/cestdanslest-ccas.fr\/index.php\/2026\/08\/31\/les-ados-seclatent-en-bourgogne-franche-comte\/"},"author":{"name":"Marianne Feite","@id":"https:\/\/cestdanslest-ccas.fr\/#\/schema\/person\/a2559eeb9be3225d5baa4fcf005086e9"},"headline":"Les ados s&rsquo;\u00e9clatent en Bourgogne-Franche-Comt\u00e9","datePublished":"2026-08-31T04:39:00+00:00","dateModified":"2026-09-01T08:33:34+00:00","mainEntityOfPage":{"@id":"https:\/\/cestdanslest-ccas.fr\/index.php\/2026\/08\/31\/les-ados-seclatent-en-bourgogne-franche-comte\/"},"wordCount":56,"publisher":{"@id":"https:\/\/cestdanslest-ccas.fr\/#organization"},"image":{"@id":"https:\/\/cestdanslest-ccas.fr\/index.php\/2026\/08\/31\/les-ados-seclatent-en-bourgogne-franche-comte\/#primaryimage"},"thumbnailUrl":"https:\/\/cestdanslest-ccas.fr\/wp-content\/uploads\/2026\/08\/sa-acm-ete-bfc-flash-est.png","articleSection":["Insta-Est","S\u00e9jours Activit\u00e9s"],"inLanguage":"fr-FR"},{"@type":"WebPage","@id":"https:\/\/cestdanslest-ccas.fr\/index.php\/2026\/08\/31\/les-ados-seclatent-en-bourgogne-franche-comte\/","url":"https:\/\/cestdanslest-ccas.fr\/index.php\/2026\/08\/31\/les-ados-seclatent-en-bourgogne-franche-comte\/","name":"Les ados s'\u00e9clatent en Bourgogne-Franche-Comt\u00e9 - CCAS","isPartOf":{"@id":"https:\/\/cestdanslest-ccas.fr\/#website"},"primaryImageOfPage":{"@id":"https:\/\/cestdanslest-ccas.fr\/index.php\/2026\/08\/31\/les-ados-seclatent-en-bourgogne-franche-comte\/#primaryimage"},"image":{"@id":"https:\/\/cestdanslest-ccas.fr\/index.php\/2026\/08\/31\/les-ados-seclatent-en-bourgogne-franche-comte\/#primaryimage"},"thumbnailUrl":"https:\/\/cestdanslest-ccas.fr\/wp-content\/uploads\/2026\/08\/sa-acm-ete-bfc-flash-est.png","datePublished":"2026-08-31T04:39:00+00:00","dateModified":"2026-09-01T08:33:34+00:00","breadcrumb":{"@id":"https:\/\/cestdanslest-ccas.fr\/index.php\/2026\/08\/31\/les-ados-seclatent-en-bourgogne-franche-comte\/#breadcrumb"},"inLanguage":"fr-FR","potentialAction":[{"@type":"ReadAction","target":["https:\/\/cestdanslest-ccas.fr\/index.php\/2026\/08\/31\/les-ados-seclatent-en-bourgogne-franche-comte\/"]}]},{"@type":"ImageObject","inLanguage":"fr-FR","@id":"https:\/\/cestdanslest-ccas.fr\/index.php\/2026\/08\/31\/les-ados-seclatent-en-bourgogne-franche-comte\/#primaryimage","url":"https:\/\/cestdanslest-ccas.fr\/wp-content\/uploads\/2026\/08\/sa-acm-ete-bfc-flash-est.png","contentUrl":"https:\/\/cestdanslest-ccas.fr\/wp-content\/uploads\/2026\/08\/sa-acm-ete-bfc-flash-est.png","width":430,"height":570},{"@type":"BreadcrumbList","@id":"https:\/\/cestdanslest-ccas.fr\/index.php\/2026\/08\/31\/les-ados-seclatent-en-bourgogne-franche-comte\/#breadcrumb","itemListElement":[{"@type":"ListItem","position":1,"name":"Accueil","item":"https:\/\/cestdanslest-ccas.fr\/"},{"@type":"ListItem","position":2,"name":"Les ados s&rsquo;\u00e9clatent en Bourgogne-Franche-Comt\u00e9"}]},{"@type":"WebSite","@id":"https:\/\/cestdanslest-ccas.fr\/#website","url":"https:\/\/cestdanslest-ccas.fr\/","name":"CCAS","description":"","publisher":{"@id":"https:\/\/cestdanslest-ccas.fr\/#organization"},"potentialAction":[{"@type":"SearchAction","target":{"@type":"EntryPoint","urlTemplate":"https:\/\/cestdanslest-ccas.fr\/?s={search_term_string}"},"query-input":{"@type":"PropertyValueSpecification","valueRequired":true,"valueName":"search_term_string"}}],"inLanguage":"fr-FR"},{"@type":"Organization","@id":"https:\/\/cestdanslest-ccas.fr\/#organization","name":"CCAS","url":"https:\/\/cestdanslest-ccas.fr\/","logo":{"@type":"ImageObject","inLanguage":"fr-FR","@id":"https:\/\/cestdanslest-ccas.fr\/#\/schema\/logo\/image\/","url":"https:\/\/cestdanslest-ccas.fr\/wp-content\/uploads\/2023\/08\/Plan-de-travail-1-1.png","contentUrl":"https:\/\/cestdanslest-ccas.fr\/wp-content\/uploads\/2023\/08\/Plan-de-travail-1-1.png","width":777,"height":224,"caption":"CCAS"},"image":{"@id":"https:\/\/cestdanslest-ccas.fr\/#\/schema\/logo\/image\/"}},{"@type":"Person","@id":"https:\/\/cestdanslest-ccas.fr\/#\/schema\/person\/a2559eeb9be3225d5baa4fcf005086e9","name":"Marianne Feite","image":{"@type":"ImageObject","inLanguage":"fr-FR","@id":"https:\/\/secure.gravatar.com\/avatar\/77349ee25b6b235fc22d980ea06ea8eb6da21c266f626027e9bf0103c521213d?s=96&d=mm&r=g","url":"https:\/\/secure.gravatar.com\/avatar\/77349ee25b6b235fc22d980ea06ea8eb6da21c266f626027e9bf0103c521213d?s=96&d=mm&r=g","contentUrl":"https:\/\/secure.gravatar.com\/avatar\/77349ee25b6b235fc22d980ea06ea8eb6da21c266f626027e9bf0103c521213d?s=96&d=mm&r=g","caption":"Marianne Feite"},"url":"https:\/\/cestdanslest-ccas.fr\/index.php\/author\/marianne-feiteasmeg-org\/"}]}},"_links":{"self":[{"href":"https:\/\/cestdanslest-ccas.fr\/index.php\/wp-json\/wp\/v2\/posts\/14776","targetHints":{"allow":["GET"]}}],"collection":[{"href":"https:\/\/cestdanslest-ccas.fr\/index.php\/wp-json\/wp\/v2\/posts"}],"about":[{"href":"https:\/\/cestdanslest-ccas.fr\/index.php\/wp-json\/wp\/v2\/types\/post"}],"author":[{"embeddable":true,"href":"https:\/\/cestdanslest-ccas.fr\/index.php\/wp-json\/wp\/v2\/users\/18"}],"replies":[{"embeddable":true,"href":"https:\/\/cestdanslest-ccas.fr\/index.php\/wp-json\/wp\/v2\/comments?post=14776"}],"version-history":[{"count":4,"href":"https:\/\/cestdanslest-ccas.fr\/index.php\/wp-json\/wp\/v2\/posts\/14776\/revisions"}],"predecessor-version":[{"id":14817,"href":"https:\/\/cestdanslest-ccas.fr\/index.php\/wp-json\/wp\/v2\/posts\/14776\/revisions\/14817"}],"wp:featuredmedia":[{"embeddable":true,"href":"https:\/\/cestdanslest-ccas.fr\/index.php\/wp-json\/wp\/v2\/media\/14818"}],"wp:attachment":[{"href":"https:\/\/cestdanslest-ccas.fr\/index.php\/wp-json\/wp\/v2\/media?parent=14776"}],"wp:term":[{"taxonomy":"category","embeddable":true,"href":"https:\/\/cestdanslest-ccas.fr\/index.php\/wp-json\/wp\/v2\/categories?post=14776"},{"taxonomy":"post_tag","embeddable":true,"href":"https:\/\/cestdanslest-ccas.fr\/index.php\/wp-json\/wp\/v2\/tags?post=14776"}],"curies":[{"name":"wp","href":"https:\/\/api.w.org\/{rel}","templated":true}]}}