{"id":13767,"date":"2026-04-28T16:39:51","date_gmt":"2026-04-28T14:39:51","guid":{"rendered":"https:\/\/cestdanslest-ccas.fr\/?p=13767"},"modified":"2026-04-28T16:40:57","modified_gmt":"2026-04-28T14:40:57","slug":"festival-denergies-lest-repond-present-episode-2","status":"publish","type":"post","link":"https:\/\/cestdanslest-ccas.fr\/index.php\/2026\/04\/28\/festival-denergies-lest-repond-present-episode-2\/","title":{"rendered":"Festival d\u2019\u00c9nergies &#8211; L&rsquo;Est r\u00e9pond pr\u00e9sent \u00e9pisode 2"},"content":{"rendered":"\t\t<div data-elementor-type=\"wp-post\" data-elementor-id=\"13767\" class=\"elementor elementor-13767\">\n\t\t\t\t\t\t<section class=\"elementor-section elementor-top-section elementor-element elementor-element-31dd8bd elementor-section-boxed elementor-section-height-default elementor-section-height-default wpr-particle-no wpr-jarallax-no wpr-parallax-no wpr-sticky-section-no wpr-equal-height-no\" data-id=\"31dd8bd\" data-element_type=\"section\" data-e-type=\"section\">\n\t\t\t\t\t\t<div class=\"elementor-container elementor-column-gap-default\">\n\t\t\t\t\t<div class=\"elementor-column elementor-col-100 elementor-top-column elementor-element elementor-element-353a64a\" data-id=\"353a64a\" data-element_type=\"column\" data-e-type=\"column\">\n\t\t\t<div class=\"elementor-widget-wrap elementor-element-populated\">\n\t\t\t\t\t\t<div class=\"elementor-element elementor-element-24ede2e elementor-widget elementor-widget-spacer\" data-id=\"24ede2e\" data-element_type=\"widget\" data-e-type=\"widget\" data-widget_type=\"spacer.default\">\n\t\t\t\t<div class=\"elementor-widget-container\">\n\t\t\t\t\t\t\t<div class=\"elementor-spacer\">\n\t\t\t<div class=\"elementor-spacer-inner\"><\/div>\n\t\t<\/div>\n\t\t\t\t\t\t<\/div>\n\t\t\t\t<\/div>\n\t\t\t\t\t<\/div>\n\t\t<\/div>\n\t\t\t\t\t<\/div>\n\t\t<\/section>\n\t\t\t\t<section class=\"elementor-section elementor-top-section elementor-element elementor-element-d3631b0 elementor-section-boxed elementor-section-height-default elementor-section-height-default wpr-particle-no wpr-jarallax-no wpr-parallax-no wpr-sticky-section-no wpr-equal-height-no\" data-id=\"d3631b0\" data-element_type=\"section\" data-e-type=\"section\">\n\t\t\t\t\t\t<div class=\"elementor-container elementor-column-gap-default\">\n\t\t\t\t\t<div class=\"elementor-column elementor-col-100 elementor-top-column elementor-element elementor-element-c591ada\" data-id=\"c591ada\" data-element_type=\"column\" data-e-type=\"column\">\n\t\t\t<div class=\"elementor-widget-wrap elementor-element-populated\">\n\t\t\t\t\t\t<div class=\"elementor-element elementor-element-41e4ede elementor-widget elementor-widget-heading\" data-id=\"41e4ede\" data-element_type=\"widget\" data-e-type=\"widget\" data-widget_type=\"heading.default\">\n\t\t\t\t<div class=\"elementor-widget-container\">\n\t\t\t\t\t<h2 class=\"elementor-heading-title elementor-size-default\">L'Est r\u00e9pond pr\u00e9sent - \u00e9pisode 2<\/h2>\t\t\t\t<\/div>\n\t\t\t\t<\/div>\n\t\t\t\t\t<\/div>\n\t\t<\/div>\n\t\t\t\t\t<\/div>\n\t\t<\/section>\n\t\t\t\t<section class=\"elementor-section elementor-top-section elementor-element elementor-element-77f1fb4 elementor-section-boxed elementor-section-height-default elementor-section-height-default wpr-particle-no wpr-jarallax-no wpr-parallax-no wpr-sticky-section-no wpr-equal-height-no\" data-id=\"77f1fb4\" data-element_type=\"section\" data-e-type=\"section\">\n\t\t\t\t\t\t<div class=\"elementor-container elementor-column-gap-default\">\n\t\t\t\t\t<div class=\"elementor-column elementor-col-100 elementor-top-column elementor-element elementor-element-faf6198\" data-id=\"faf6198\" data-element_type=\"column\" data-e-type=\"column\">\n\t\t\t<div class=\"elementor-widget-wrap elementor-element-populated\">\n\t\t\t\t\t\t<div class=\"elementor-element elementor-element-70c71b5 elementor-widget elementor-widget-heading\" data-id=\"70c71b5\" data-element_type=\"widget\" data-e-type=\"widget\" data-widget_type=\"heading.default\">\n\t\t\t\t<div class=\"elementor-widget-container\">\n\t\t\t\t\t<h2 class=\"elementor-heading-title elementor-size-default\">Trois b\u00e9n\u00e9voles de la plaque Est au c\u0153ur de la technique<\/h2>\t\t\t\t<\/div>\n\t\t\t\t<\/div>\n\t\t\t\t\t<\/div>\n\t\t<\/div>\n\t\t\t\t\t<\/div>\n\t\t<\/section>\n\t\t\t\t<section class=\"elementor-section elementor-top-section elementor-element elementor-element-2d51ba3 elementor-section-boxed elementor-section-height-default elementor-section-height-default wpr-particle-no wpr-jarallax-no wpr-parallax-no wpr-sticky-section-no wpr-equal-height-no\" data-id=\"2d51ba3\" data-element_type=\"section\" data-e-type=\"section\">\n\t\t\t\t\t\t<div class=\"elementor-container elementor-column-gap-default\">\n\t\t\t\t\t<div class=\"elementor-column elementor-col-50 elementor-top-column elementor-element elementor-element-03bc757\" data-id=\"03bc757\" data-element_type=\"column\" data-e-type=\"column\">\n\t\t\t<div class=\"elementor-widget-wrap elementor-element-populated\">\n\t\t\t\t\t\t<div class=\"elementor-element elementor-element-b3533a8 elementor-widget elementor-widget-text-editor\" data-id=\"b3533a8\" data-element_type=\"widget\" data-e-type=\"widget\" data-widget_type=\"text-editor.default\">\n\t\t\t\t<div class=\"elementor-widget-container\">\n\t\t\t\t\t\t\t\t\t<p><a href=\"https:\/\/cestdanslest-ccas.fr\/index.php\/2026\/03\/17\/lenergie-de-lest-au-service-du-festival-2026-episode-1\/\">Apr\u00e8s la cr\u00e9ativit\u00e9 mise \u00e0 l\u2019honneur avec le vote de l\u2019affiche officielle,<\/a> place maintenant \u00e0 celles et ceux qui \u0153uvrent dans l&rsquo;ombre pour donner vie au Festival d\u2019\u00c9nergies. Au c\u0153ur de cette pr\u00e9paration se trouve le collectif technique national, une \u00e9quipe d\u2019une dizaine de professionnels issus \u00e0 la fois de la direction nationale et des diff\u00e9rentes plaques, repr\u00e9sentant une diversit\u00e9 de m\u00e9tiers. Structur\u00e9 en plusieurs p\u00f4les compl\u00e9mentaires, ce collectif coordonne l\u2019ensemble des aspects techniques du festival.<\/p><p>C\u2019est au sein de cette organisation exigeante et collaborative que trois b\u00e9n\u00e9voles de la plaque Est \u2014 Lothain Combi, Marie Taillard et Marianne Feite \u2014 s\u2019investissent depuis l\u2019ann\u00e9e derni\u00e8re.<\/p>\t\t\t\t\t\t\t\t<\/div>\n\t\t\t\t<\/div>\n\t\t\t\t<div class=\"elementor-element elementor-element-2b3055d elementor-widget elementor-widget-text-editor\" data-id=\"2b3055d\" data-element_type=\"widget\" data-e-type=\"widget\" data-widget_type=\"text-editor.default\">\n\t\t\t\t<div class=\"elementor-widget-container\">\n\t\t\t\t\t\t\t\t\t<p><span style=\"color: #ff9900;\"><strong>Un trio engag\u00e9 pour faire vivre le festival<\/strong><\/span><\/p><p><strong>Marie Taillard \u2013 P\u00f4le R\u00e9gie CMCAS<\/strong><\/p><p>Responsable op\u00e9rationnelle des Activit\u00e9s Sociales du territoire Bourgogne\u2013Franche-Comt\u00e9, Marie a int\u00e9gr\u00e9 le p\u00f4le R\u00e9gie CMCAS au sein du collectif technique national.<\/p><p>\u00c0 ce titre, elle assure le lien avec les b\u00e2tisseurs du festival et prend en charge la gestion des diff\u00e9rentes commandes n\u00e9cessaires au bon fonctionnement du site : nourriture, boissons et mat\u00e9riels.<\/p><p>Elle joue \u00e9galement un r\u00f4le cl\u00e9 de coordination en faisant le lien entre la R\u00e9gie CMCAS et les autres p\u00f4les techniques, afin de garantir une organisation coh\u00e9rente et collective.<\/p><p>Au sein de ce p\u00f4le, Marie s\u2019investit en bin\u00f4me avec une autre b\u00e9n\u00e9vole, formant une \u00e9quipe compl\u00e9mentaire essentielle \u00e0 la pr\u00e9paration et au bon d\u00e9roulement du festival.<\/p><p>\u00a0<\/p><p><strong>Lothain Combi &amp; Marianne Feite \u2013 P\u00f4le R\u00e9gie G\u00e9n\u00e9rale<\/strong><\/p><p>Au sein du p\u00f4le R\u00e9gie G\u00e9n\u00e9rale, Lothain Combi, responsable \u00e9tudes et d\u00e9veloppement, et Marianne Feite, assistante communication, forment un bin\u00f4me pleinement investi dans la pr\u00e9paration op\u00e9rationnelle du Festival d\u2019\u00c9nergies.<\/p><p>Leurs missions portent principalement sur la gestion des commandes de mat\u00e9riel, l\u2019organisation du catering des \u00e9quipes, ainsi que le suivi et la distribution des badges pour l\u2019ensemble des b\u00e9n\u00e9voles \u2014 pr\u00e8s de 1 000 personnes mobilis\u00e9es sur l\u2019\u00e9v\u00e9nement \u2014 sans oublier la gestion des goodies du festival.<\/p><p>Ils assurent \u00e9galement les liens n\u00e9cessaires avec les services supports, notamment pour les lettres de mission et les aspects assurantiels, en coordination avec les p\u00f4les concern\u00e9s.<\/p><p>En relation constante avec l\u2019ensemble des p\u00f4les techniques, Lothain et Marianne centralisent et accompagnent les besoins exprim\u00e9s afin de garantir une organisation coh\u00e9rente et collective \u00e0 l\u2019\u00e9chelle nationale.<\/p>\t\t\t\t\t\t\t\t<\/div>\n\t\t\t\t<\/div>\n\t\t\t\t\t<\/div>\n\t\t<\/div>\n\t\t\t\t<div class=\"elementor-column elementor-col-50 elementor-top-column elementor-element elementor-element-6df90ab\" data-id=\"6df90ab\" data-element_type=\"column\" data-e-type=\"column\">\n\t\t\t<div class=\"elementor-widget-wrap elementor-element-populated\">\n\t\t\t\t\t\t<div class=\"elementor-element elementor-element-91455ef elementor-widget elementor-widget-image\" data-id=\"91455ef\" data-element_type=\"widget\" data-e-type=\"widget\" data-widget_type=\"image.default\">\n\t\t\t\t<div class=\"elementor-widget-container\">\n\t\t\t\t\t\t\t\t\t\t\t\t\t\t\t<img fetchpriority=\"high\" decoding=\"async\" width=\"800\" height=\"976\" src=\"https:\/\/cestdanslest-ccas.fr\/wp-content\/uploads\/2026\/04\/Marie-Marianne-et-Lothain-839x1024.png\" class=\"attachment-large size-large wp-image-13772\" alt=\"\" srcset=\"https:\/\/cestdanslest-ccas.fr\/wp-content\/uploads\/2026\/04\/Marie-Marianne-et-Lothain-839x1024.png 839w, https:\/\/cestdanslest-ccas.fr\/wp-content\/uploads\/2026\/04\/Marie-Marianne-et-Lothain-246x300.png 246w, https:\/\/cestdanslest-ccas.fr\/wp-content\/uploads\/2026\/04\/Marie-Marianne-et-Lothain-768x938.png 768w, https:\/\/cestdanslest-ccas.fr\/wp-content\/uploads\/2026\/04\/Marie-Marianne-et-Lothain.png 1135w\" sizes=\"(max-width: 800px) 100vw, 800px\" \/>\t\t\t\t\t\t\t\t\t\t\t\t\t\t\t<\/div>\n\t\t\t\t<\/div>\n\t\t\t\t\t<\/div>\n\t\t<\/div>\n\t\t\t\t\t<\/div>\n\t\t<\/section>\n\t\t\t\t<section class=\"elementor-section elementor-top-section elementor-element elementor-element-19abee1 elementor-section-boxed elementor-section-height-default elementor-section-height-default wpr-particle-no wpr-jarallax-no wpr-parallax-no wpr-sticky-section-no wpr-equal-height-no\" data-id=\"19abee1\" data-element_type=\"section\" data-e-type=\"section\">\n\t\t\t\t\t\t<div class=\"elementor-container elementor-column-gap-default\">\n\t\t\t\t\t<div class=\"elementor-column elementor-col-100 elementor-top-column elementor-element elementor-element-8d96ce1\" data-id=\"8d96ce1\" data-element_type=\"column\" data-e-type=\"column\">\n\t\t\t<div class=\"elementor-widget-wrap elementor-element-populated\">\n\t\t\t\t\t\t<div class=\"elementor-element elementor-element-ec8938b elementor-widget elementor-widget-text-editor\" data-id=\"ec8938b\" data-element_type=\"widget\" data-e-type=\"widget\" data-widget_type=\"text-editor.default\">\n\t\t\t\t<div class=\"elementor-widget-container\">\n\t\t\t\t\t\t\t\t\t<p><strong>L\u2019esprit du Festival d\u2019\u00c9nergies<\/strong><\/p><p>L\u2019engagement de Lothain, Marie et Marianne illustre pleinement l\u2019esprit du Festival d\u2019\u00c9nergies :\u00a0un \u00e9v\u00e9nement construit collectivement, port\u00e9 par les comp\u00e9tences et l\u2019investissement des agents, au service d\u2019un rendez\u2011vous national qui c\u00e9l\u00e9brera cette ann\u00e9e les 80 ans des Activit\u00e9s Sociales et les 40 ans + 1 du Festival d\u2019\u00c9nergies.<\/p><p>Par leur implication au sein du collectif technique national, ces trois b\u00e9n\u00e9voles participent activement \u00e0 faire rayonner la plaque Est et \u00e0 pr\u00e9parer une \u00e9dition anniversaire fid\u00e8le aux valeurs de solidarit\u00e9, de partage et de convivialit\u00e9 qui font l\u2019identit\u00e9 du festival.<\/p>\t\t\t\t\t\t\t\t<\/div>\n\t\t\t\t<\/div>\n\t\t\t\t\t<\/div>\n\t\t<\/div>\n\t\t\t\t\t<\/div>\n\t\t<\/section>\n\t\t\t\t<section class=\"elementor-section elementor-top-section elementor-element elementor-element-c61b28a elementor-section-boxed elementor-section-height-default elementor-section-height-default wpr-particle-no wpr-jarallax-no wpr-parallax-no wpr-sticky-section-no wpr-equal-height-no\" data-id=\"c61b28a\" data-element_type=\"section\" data-e-type=\"section\">\n\t\t\t\t\t\t<div class=\"elementor-container elementor-column-gap-default\">\n\t\t\t\t\t<div class=\"elementor-column elementor-col-100 elementor-top-column elementor-element elementor-element-96e38b5\" data-id=\"96e38b5\" data-element_type=\"column\" data-e-type=\"column\">\n\t\t\t<div class=\"elementor-widget-wrap elementor-element-populated\">\n\t\t\t\t\t\t<div class=\"elementor-element elementor-element-9daa9fd elementor-widget elementor-widget-spacer\" data-id=\"9daa9fd\" data-element_type=\"widget\" data-e-type=\"widget\" data-widget_type=\"spacer.default\">\n\t\t\t\t<div class=\"elementor-widget-container\">\n\t\t\t\t\t\t\t<div class=\"elementor-spacer\">\n\t\t\t<div class=\"elementor-spacer-inner\"><\/div>\n\t\t<\/div>\n\t\t\t\t\t\t<\/div>\n\t\t\t\t<\/div>\n\t\t\t\t\t<\/div>\n\t\t<\/div>\n\t\t\t\t\t<\/div>\n\t\t<\/section>\n\t\t\t\t<section class=\"elementor-section elementor-top-section elementor-element elementor-element-bd31ec4 elementor-section-boxed elementor-section-height-default elementor-section-height-default wpr-particle-no wpr-jarallax-no wpr-parallax-no wpr-sticky-section-no wpr-equal-height-no\" data-id=\"bd31ec4\" data-element_type=\"section\" data-e-type=\"section\">\n\t\t\t\t\t\t<div class=\"elementor-container elementor-column-gap-default\">\n\t\t\t\t\t<div class=\"elementor-column elementor-col-100 elementor-top-column elementor-element elementor-element-4aac5d9\" data-id=\"4aac5d9\" data-element_type=\"column\" data-e-type=\"column\">\n\t\t\t<div class=\"elementor-widget-wrap elementor-element-populated\">\n\t\t\t\t\t\t<div class=\"elementor-element elementor-element-fc1e07f elementor-widget elementor-widget-text-editor\" data-id=\"fc1e07f\" data-element_type=\"widget\" data-e-type=\"widget\" data-widget_type=\"text-editor.default\">\n\t\t\t\t<div class=\"elementor-widget-container\">\n\t\t\t\t\t\t\t\t\t<p><em>Publi\u00e9 le 28\/04\/2026<\/em><\/p>\t\t\t\t\t\t\t\t<\/div>\n\t\t\t\t<\/div>\n\t\t\t\t\t<\/div>\n\t\t<\/div>\n\t\t\t\t\t<\/div>\n\t\t<\/section>\n\t\t\t\t<section class=\"elementor-section elementor-top-section elementor-element elementor-element-5e4e942 elementor-section-boxed elementor-section-height-default elementor-section-height-default wpr-particle-no wpr-jarallax-no wpr-parallax-no wpr-sticky-section-no wpr-equal-height-no\" data-id=\"5e4e942\" data-element_type=\"section\" data-e-type=\"section\">\n\t\t\t\t\t\t<div class=\"elementor-container elementor-column-gap-default\">\n\t\t\t\t\t<div class=\"elementor-column elementor-col-100 elementor-top-column elementor-element elementor-element-6885d8c\" data-id=\"6885d8c\" data-element_type=\"column\" data-e-type=\"column\">\n\t\t\t<div class=\"elementor-widget-wrap elementor-element-populated\">\n\t\t\t\t\t\t<div class=\"elementor-element elementor-element-46ccc25 elementor-widget elementor-widget-spacer\" data-id=\"46ccc25\" data-element_type=\"widget\" data-e-type=\"widget\" data-widget_type=\"spacer.default\">\n\t\t\t\t<div class=\"elementor-widget-container\">\n\t\t\t\t\t\t\t<div class=\"elementor-spacer\">\n\t\t\t<div class=\"elementor-spacer-inner\"><\/div>\n\t\t<\/div>\n\t\t\t\t\t\t<\/div>\n\t\t\t\t<\/div>\n\t\t\t\t\t<\/div>\n\t\t<\/div>\n\t\t\t\t\t<\/div>\n\t\t<\/section>\n\t\t\t\t<\/div>\n\t\t","protected":false},"excerpt":{"rendered":"<p>L&rsquo;Est r\u00e9pond pr\u00e9sent &#8211; \u00e9pisode 2 Trois b\u00e9n\u00e9voles de la plaque Est au c\u0153ur de la technique Apr\u00e8s la cr\u00e9ativit\u00e9 mise \u00e0 l\u2019honneur avec le vote de l\u2019affiche officielle, place maintenant \u00e0 celles et ceux qui \u0153uvrent dans l&rsquo;ombre pour donner vie au Festival d\u2019\u00c9nergies. Au c\u0153ur de cette pr\u00e9paration se trouve le collectif technique national, une \u00e9quipe d\u2019une dizaine de professionnels issus \u00e0 la fois de la direction nationale et des diff\u00e9rentes plaques, repr\u00e9sentant une diversit\u00e9 de m\u00e9tiers. Structur\u00e9 en plusieurs p\u00f4les compl\u00e9mentaires, ce collectif coordonne l\u2019ensemble des aspects techniques du festival. C\u2019est au sein de cette organisation exigeante et collaborative que trois b\u00e9n\u00e9voles de la plaque Est \u2014 Lothain Combi, Marie Taillard et Marianne Feite \u2014 s\u2019investissent depuis l\u2019ann\u00e9e derni\u00e8re. Un trio engag\u00e9 pour faire vivre le festival Marie Taillard \u2013 P\u00f4le R\u00e9gie CMCAS Responsable op\u00e9rationnelle des Activit\u00e9s Sociales du territoire Bourgogne\u2013Franche-Comt\u00e9, Marie a int\u00e9gr\u00e9 le p\u00f4le R\u00e9gie CMCAS au sein du collectif technique national. \u00c0 ce titre, elle assure le lien avec les b\u00e2tisseurs du festival et prend en charge la gestion des diff\u00e9rentes commandes n\u00e9cessaires au bon fonctionnement du site : nourriture, boissons et mat\u00e9riels. Elle joue \u00e9galement un r\u00f4le cl\u00e9 de coordination en faisant le lien entre la R\u00e9gie CMCAS et les autres p\u00f4les techniques, afin de garantir une organisation coh\u00e9rente et collective. Au sein de ce p\u00f4le, Marie s\u2019investit en bin\u00f4me avec une autre b\u00e9n\u00e9vole, formant une \u00e9quipe compl\u00e9mentaire essentielle \u00e0 la pr\u00e9paration et au bon d\u00e9roulement du festival. \u00a0 Lothain Combi &amp; Marianne Feite \u2013 P\u00f4le R\u00e9gie G\u00e9n\u00e9rale Au sein du p\u00f4le R\u00e9gie G\u00e9n\u00e9rale, Lothain Combi, responsable \u00e9tudes et d\u00e9veloppement, et Marianne Feite, assistante communication, forment un bin\u00f4me pleinement investi dans la pr\u00e9paration op\u00e9rationnelle du Festival d\u2019\u00c9nergies. Leurs missions portent principalement sur la gestion des commandes de mat\u00e9riel, l\u2019organisation du catering des \u00e9quipes, ainsi que le suivi et la distribution des badges pour l\u2019ensemble des b\u00e9n\u00e9voles \u2014 pr\u00e8s de 1 000 personnes mobilis\u00e9es sur l\u2019\u00e9v\u00e9nement \u2014 sans oublier la gestion des goodies du festival. Ils assurent \u00e9galement les liens n\u00e9cessaires avec les services supports, notamment pour les lettres de mission et les aspects assurantiels, en coordination avec les p\u00f4les concern\u00e9s. En relation constante avec l\u2019ensemble des p\u00f4les techniques, Lothain et Marianne centralisent et accompagnent les besoins exprim\u00e9s afin de garantir une organisation coh\u00e9rente et collective \u00e0 l\u2019\u00e9chelle nationale. L\u2019esprit du Festival d\u2019\u00c9nergies L\u2019engagement de Lothain, Marie et Marianne illustre pleinement l\u2019esprit du Festival d\u2019\u00c9nergies :\u00a0un \u00e9v\u00e9nement construit collectivement, port\u00e9 par les comp\u00e9tences et l\u2019investissement des agents, au service d\u2019un rendez\u2011vous national qui c\u00e9l\u00e9brera cette ann\u00e9e les 80 ans des Activit\u00e9s Sociales et les 40 ans + 1 du Festival d\u2019\u00c9nergies. Par leur implication au sein du collectif technique national, ces trois b\u00e9n\u00e9voles participent activement \u00e0 faire rayonner la plaque Est et \u00e0 pr\u00e9parer une \u00e9dition anniversaire fid\u00e8le aux valeurs de solidarit\u00e9, de partage et de convivialit\u00e9 qui font l\u2019identit\u00e9 du festival. Publi\u00e9 le 28\/04\/2026<\/p>\n","protected":false},"author":18,"featured_media":13768,"comment_status":"closed","ping_status":"closed","sticky":false,"template":"elementor_header_footer","format":"standard","meta":{"_monsterinsights_skip_tracking":false,"_monsterinsights_sitenote_active":false,"_monsterinsights_sitenote_note":"","_monsterinsights_sitenote_category":0,"footnotes":""},"categories":[30],"tags":[],"class_list":["post-13767","post","type-post","status-publish","format-standard","has-post-thumbnail","hentry","category-actu-de-la-plaque"],"yoast_head":"<!-- This site is optimized with the Yoast SEO plugin v27.5 - https:\/\/yoast.com\/product\/yoast-seo-wordpress\/ -->\n<title>Festival d\u2019\u00c9nergies - L&#039;Est r\u00e9pond pr\u00e9sent \u00e9pisode 2 - CCAS<\/title>\n<meta name=\"robots\" content=\"noindex, follow, max-snippet:-1, max-image-preview:large, max-video-preview:-1\" \/>\n<meta property=\"og:locale\" content=\"fr_FR\" \/>\n<meta property=\"og:type\" content=\"article\" \/>\n<meta property=\"og:title\" content=\"Festival d\u2019\u00c9nergies - L&#039;Est r\u00e9pond pr\u00e9sent \u00e9pisode 2 - CCAS\" \/>\n<meta property=\"og:description\" content=\"L&rsquo;Est r\u00e9pond pr\u00e9sent &#8211; \u00e9pisode 2 Trois b\u00e9n\u00e9voles de la plaque Est au c\u0153ur de la technique Apr\u00e8s la cr\u00e9ativit\u00e9 mise \u00e0 l\u2019honneur avec le vote de l\u2019affiche officielle, place maintenant \u00e0 celles et ceux qui \u0153uvrent dans l&rsquo;ombre pour donner vie au Festival d\u2019\u00c9nergies. Au c\u0153ur de cette pr\u00e9paration se trouve le collectif technique national, une \u00e9quipe d\u2019une dizaine de professionnels issus \u00e0 la fois de la direction nationale et des diff\u00e9rentes plaques, repr\u00e9sentant une diversit\u00e9 de m\u00e9tiers. Structur\u00e9 en plusieurs p\u00f4les compl\u00e9mentaires, ce collectif coordonne l\u2019ensemble des aspects techniques du festival. C\u2019est au sein de cette organisation exigeante et collaborative que trois b\u00e9n\u00e9voles de la plaque Est \u2014 Lothain Combi, Marie Taillard et Marianne Feite \u2014 s\u2019investissent depuis l\u2019ann\u00e9e derni\u00e8re. Un trio engag\u00e9 pour faire vivre le festival Marie Taillard \u2013 P\u00f4le R\u00e9gie CMCAS Responsable op\u00e9rationnelle des Activit\u00e9s Sociales du territoire Bourgogne\u2013Franche-Comt\u00e9, Marie a int\u00e9gr\u00e9 le p\u00f4le R\u00e9gie CMCAS au sein du collectif technique national. \u00c0 ce titre, elle assure le lien avec les b\u00e2tisseurs du festival et prend en charge la gestion des diff\u00e9rentes commandes n\u00e9cessaires au bon fonctionnement du site : nourriture, boissons et mat\u00e9riels. Elle joue \u00e9galement un r\u00f4le cl\u00e9 de coordination en faisant le lien entre la R\u00e9gie CMCAS et les autres p\u00f4les techniques, afin de garantir une organisation coh\u00e9rente et collective. Au sein de ce p\u00f4le, Marie s\u2019investit en bin\u00f4me avec une autre b\u00e9n\u00e9vole, formant une \u00e9quipe compl\u00e9mentaire essentielle \u00e0 la pr\u00e9paration et au bon d\u00e9roulement du festival. \u00a0 Lothain Combi &amp; Marianne Feite \u2013 P\u00f4le R\u00e9gie G\u00e9n\u00e9rale Au sein du p\u00f4le R\u00e9gie G\u00e9n\u00e9rale, Lothain Combi, responsable \u00e9tudes et d\u00e9veloppement, et Marianne Feite, assistante communication, forment un bin\u00f4me pleinement investi dans la pr\u00e9paration op\u00e9rationnelle du Festival d\u2019\u00c9nergies. Leurs missions portent principalement sur la gestion des commandes de mat\u00e9riel, l\u2019organisation du catering des \u00e9quipes, ainsi que le suivi et la distribution des badges pour l\u2019ensemble des b\u00e9n\u00e9voles \u2014 pr\u00e8s de 1 000 personnes mobilis\u00e9es sur l\u2019\u00e9v\u00e9nement \u2014 sans oublier la gestion des goodies du festival. Ils assurent \u00e9galement les liens n\u00e9cessaires avec les services supports, notamment pour les lettres de mission et les aspects assurantiels, en coordination avec les p\u00f4les concern\u00e9s. En relation constante avec l\u2019ensemble des p\u00f4les techniques, Lothain et Marianne centralisent et accompagnent les besoins exprim\u00e9s afin de garantir une organisation coh\u00e9rente et collective \u00e0 l\u2019\u00e9chelle nationale. L\u2019esprit du Festival d\u2019\u00c9nergies L\u2019engagement de Lothain, Marie et Marianne illustre pleinement l\u2019esprit du Festival d\u2019\u00c9nergies :\u00a0un \u00e9v\u00e9nement construit collectivement, port\u00e9 par les comp\u00e9tences et l\u2019investissement des agents, au service d\u2019un rendez\u2011vous national qui c\u00e9l\u00e9brera cette ann\u00e9e les 80 ans des Activit\u00e9s Sociales et les 40 ans + 1 du Festival d\u2019\u00c9nergies. Par leur implication au sein du collectif technique national, ces trois b\u00e9n\u00e9voles participent activement \u00e0 faire rayonner la plaque Est et \u00e0 pr\u00e9parer une \u00e9dition anniversaire fid\u00e8le aux valeurs de solidarit\u00e9, de partage et de convivialit\u00e9 qui font l\u2019identit\u00e9 du festival. Publi\u00e9 le 28\/04\/2026\" \/>\n<meta property=\"og:url\" content=\"https:\/\/cestdanslest-ccas.fr\/index.php\/2026\/04\/28\/festival-denergies-lest-repond-present-episode-2\/\" \/>\n<meta property=\"og:site_name\" content=\"CCAS\" \/>\n<meta property=\"article:published_time\" content=\"2026-04-28T14:39:51+00:00\" \/>\n<meta property=\"article:modified_time\" content=\"2026-04-28T14:40:57+00:00\" \/>\n<meta property=\"og:image\" content=\"https:\/\/cestdanslest-ccas.fr\/wp-content\/uploads\/2026\/04\/gabarit-_dernieres_infos_2.jpg\" \/>\n\t<meta property=\"og:image:width\" content=\"300\" \/>\n\t<meta property=\"og:image:height\" content=\"300\" \/>\n\t<meta property=\"og:image:type\" content=\"image\/jpeg\" \/>\n<meta name=\"author\" content=\"Marianne Feite\" \/>\n<meta name=\"twitter:card\" content=\"summary_large_image\" \/>\n<meta name=\"twitter:label1\" content=\"\u00c9crit par\" \/>\n\t<meta name=\"twitter:data1\" content=\"Marianne Feite\" \/>\n<script type=\"application\/ld+json\" class=\"yoast-schema-graph\">{\"@context\":\"https:\\\/\\\/schema.org\",\"@graph\":[{\"@type\":\"Article\",\"@id\":\"https:\\\/\\\/cestdanslest-ccas.fr\\\/index.php\\\/2026\\\/04\\\/28\\\/festival-denergies-lest-repond-present-episode-2\\\/#article\",\"isPartOf\":{\"@id\":\"https:\\\/\\\/cestdanslest-ccas.fr\\\/index.php\\\/2026\\\/04\\\/28\\\/festival-denergies-lest-repond-present-episode-2\\\/\"},\"author\":{\"name\":\"Marianne Feite\",\"@id\":\"https:\\\/\\\/cestdanslest-ccas.fr\\\/#\\\/schema\\\/person\\\/a2559eeb9be3225d5baa4fcf005086e9\"},\"headline\":\"Festival d\u2019\u00c9nergies &#8211; L&rsquo;Est r\u00e9pond pr\u00e9sent \u00e9pisode 2\",\"datePublished\":\"2026-04-28T14:39:51+00:00\",\"dateModified\":\"2026-04-28T14:40:57+00:00\",\"mainEntityOfPage\":{\"@id\":\"https:\\\/\\\/cestdanslest-ccas.fr\\\/index.php\\\/2026\\\/04\\\/28\\\/festival-denergies-lest-repond-present-episode-2\\\/\"},\"wordCount\":570,\"publisher\":{\"@id\":\"https:\\\/\\\/cestdanslest-ccas.fr\\\/#organization\"},\"image\":{\"@id\":\"https:\\\/\\\/cestdanslest-ccas.fr\\\/index.php\\\/2026\\\/04\\\/28\\\/festival-denergies-lest-repond-present-episode-2\\\/#primaryimage\"},\"thumbnailUrl\":\"https:\\\/\\\/cestdanslest-ccas.fr\\\/wp-content\\\/uploads\\\/2026\\\/04\\\/gabarit-_dernieres_infos_2.jpg\",\"articleSection\":[\"Actu de la Plaque\"],\"inLanguage\":\"fr-FR\"},{\"@type\":\"WebPage\",\"@id\":\"https:\\\/\\\/cestdanslest-ccas.fr\\\/index.php\\\/2026\\\/04\\\/28\\\/festival-denergies-lest-repond-present-episode-2\\\/\",\"url\":\"https:\\\/\\\/cestdanslest-ccas.fr\\\/index.php\\\/2026\\\/04\\\/28\\\/festival-denergies-lest-repond-present-episode-2\\\/\",\"name\":\"Festival d\u2019\u00c9nergies - L'Est r\u00e9pond pr\u00e9sent \u00e9pisode 2 - CCAS\",\"isPartOf\":{\"@id\":\"https:\\\/\\\/cestdanslest-ccas.fr\\\/#website\"},\"primaryImageOfPage\":{\"@id\":\"https:\\\/\\\/cestdanslest-ccas.fr\\\/index.php\\\/2026\\\/04\\\/28\\\/festival-denergies-lest-repond-present-episode-2\\\/#primaryimage\"},\"image\":{\"@id\":\"https:\\\/\\\/cestdanslest-ccas.fr\\\/index.php\\\/2026\\\/04\\\/28\\\/festival-denergies-lest-repond-present-episode-2\\\/#primaryimage\"},\"thumbnailUrl\":\"https:\\\/\\\/cestdanslest-ccas.fr\\\/wp-content\\\/uploads\\\/2026\\\/04\\\/gabarit-_dernieres_infos_2.jpg\",\"datePublished\":\"2026-04-28T14:39:51+00:00\",\"dateModified\":\"2026-04-28T14:40:57+00:00\",\"breadcrumb\":{\"@id\":\"https:\\\/\\\/cestdanslest-ccas.fr\\\/index.php\\\/2026\\\/04\\\/28\\\/festival-denergies-lest-repond-present-episode-2\\\/#breadcrumb\"},\"inLanguage\":\"fr-FR\",\"potentialAction\":[{\"@type\":\"ReadAction\",\"target\":[\"https:\\\/\\\/cestdanslest-ccas.fr\\\/index.php\\\/2026\\\/04\\\/28\\\/festival-denergies-lest-repond-present-episode-2\\\/\"]}]},{\"@type\":\"ImageObject\",\"inLanguage\":\"fr-FR\",\"@id\":\"https:\\\/\\\/cestdanslest-ccas.fr\\\/index.php\\\/2026\\\/04\\\/28\\\/festival-denergies-lest-repond-present-episode-2\\\/#primaryimage\",\"url\":\"https:\\\/\\\/cestdanslest-ccas.fr\\\/wp-content\\\/uploads\\\/2026\\\/04\\\/gabarit-_dernieres_infos_2.jpg\",\"contentUrl\":\"https:\\\/\\\/cestdanslest-ccas.fr\\\/wp-content\\\/uploads\\\/2026\\\/04\\\/gabarit-_dernieres_infos_2.jpg\",\"width\":300,\"height\":300},{\"@type\":\"BreadcrumbList\",\"@id\":\"https:\\\/\\\/cestdanslest-ccas.fr\\\/index.php\\\/2026\\\/04\\\/28\\\/festival-denergies-lest-repond-present-episode-2\\\/#breadcrumb\",\"itemListElement\":[{\"@type\":\"ListItem\",\"position\":1,\"name\":\"Accueil\",\"item\":\"https:\\\/\\\/cestdanslest-ccas.fr\\\/\"},{\"@type\":\"ListItem\",\"position\":2,\"name\":\"Festival d\u2019\u00c9nergies &#8211; L&rsquo;Est r\u00e9pond pr\u00e9sent \u00e9pisode 2\"}]},{\"@type\":\"WebSite\",\"@id\":\"https:\\\/\\\/cestdanslest-ccas.fr\\\/#website\",\"url\":\"https:\\\/\\\/cestdanslest-ccas.fr\\\/\",\"name\":\"CCAS\",\"description\":\"\",\"publisher\":{\"@id\":\"https:\\\/\\\/cestdanslest-ccas.fr\\\/#organization\"},\"potentialAction\":[{\"@type\":\"SearchAction\",\"target\":{\"@type\":\"EntryPoint\",\"urlTemplate\":\"https:\\\/\\\/cestdanslest-ccas.fr\\\/?s={search_term_string}\"},\"query-input\":{\"@type\":\"PropertyValueSpecification\",\"valueRequired\":true,\"valueName\":\"search_term_string\"}}],\"inLanguage\":\"fr-FR\"},{\"@type\":\"Organization\",\"@id\":\"https:\\\/\\\/cestdanslest-ccas.fr\\\/#organization\",\"name\":\"CCAS\",\"url\":\"https:\\\/\\\/cestdanslest-ccas.fr\\\/\",\"logo\":{\"@type\":\"ImageObject\",\"inLanguage\":\"fr-FR\",\"@id\":\"https:\\\/\\\/cestdanslest-ccas.fr\\\/#\\\/schema\\\/logo\\\/image\\\/\",\"url\":\"https:\\\/\\\/cestdanslest-ccas.fr\\\/wp-content\\\/uploads\\\/2023\\\/08\\\/Plan-de-travail-1-1.png\",\"contentUrl\":\"https:\\\/\\\/cestdanslest-ccas.fr\\\/wp-content\\\/uploads\\\/2023\\\/08\\\/Plan-de-travail-1-1.png\",\"width\":777,\"height\":224,\"caption\":\"CCAS\"},\"image\":{\"@id\":\"https:\\\/\\\/cestdanslest-ccas.fr\\\/#\\\/schema\\\/logo\\\/image\\\/\"}},{\"@type\":\"Person\",\"@id\":\"https:\\\/\\\/cestdanslest-ccas.fr\\\/#\\\/schema\\\/person\\\/a2559eeb9be3225d5baa4fcf005086e9\",\"name\":\"Marianne Feite\",\"image\":{\"@type\":\"ImageObject\",\"inLanguage\":\"fr-FR\",\"@id\":\"https:\\\/\\\/secure.gravatar.com\\\/avatar\\\/77349ee25b6b235fc22d980ea06ea8eb6da21c266f626027e9bf0103c521213d?s=96&d=mm&r=g\",\"url\":\"https:\\\/\\\/secure.gravatar.com\\\/avatar\\\/77349ee25b6b235fc22d980ea06ea8eb6da21c266f626027e9bf0103c521213d?s=96&d=mm&r=g\",\"contentUrl\":\"https:\\\/\\\/secure.gravatar.com\\\/avatar\\\/77349ee25b6b235fc22d980ea06ea8eb6da21c266f626027e9bf0103c521213d?s=96&d=mm&r=g\",\"caption\":\"Marianne Feite\"},\"url\":\"https:\\\/\\\/cestdanslest-ccas.fr\\\/index.php\\\/author\\\/marianne-feiteasmeg-org\\\/\"}]}<\/script>\n<!-- \/ Yoast SEO plugin. -->","yoast_head_json":{"title":"Festival d\u2019\u00c9nergies - L'Est r\u00e9pond pr\u00e9sent \u00e9pisode 2 - CCAS","robots":{"index":"noindex","follow":"follow","max-snippet":"max-snippet:-1","max-image-preview":"max-image-preview:large","max-video-preview":"max-video-preview:-1"},"og_locale":"fr_FR","og_type":"article","og_title":"Festival d\u2019\u00c9nergies - L'Est r\u00e9pond pr\u00e9sent \u00e9pisode 2 - CCAS","og_description":"L&rsquo;Est r\u00e9pond pr\u00e9sent &#8211; \u00e9pisode 2 Trois b\u00e9n\u00e9voles de la plaque Est au c\u0153ur de la technique Apr\u00e8s la cr\u00e9ativit\u00e9 mise \u00e0 l\u2019honneur avec le vote de l\u2019affiche officielle, place maintenant \u00e0 celles et ceux qui \u0153uvrent dans l&rsquo;ombre pour donner vie au Festival d\u2019\u00c9nergies. Au c\u0153ur de cette pr\u00e9paration se trouve le collectif technique national, une \u00e9quipe d\u2019une dizaine de professionnels issus \u00e0 la fois de la direction nationale et des diff\u00e9rentes plaques, repr\u00e9sentant une diversit\u00e9 de m\u00e9tiers. Structur\u00e9 en plusieurs p\u00f4les compl\u00e9mentaires, ce collectif coordonne l\u2019ensemble des aspects techniques du festival. C\u2019est au sein de cette organisation exigeante et collaborative que trois b\u00e9n\u00e9voles de la plaque Est \u2014 Lothain Combi, Marie Taillard et Marianne Feite \u2014 s\u2019investissent depuis l\u2019ann\u00e9e derni\u00e8re. Un trio engag\u00e9 pour faire vivre le festival Marie Taillard \u2013 P\u00f4le R\u00e9gie CMCAS Responsable op\u00e9rationnelle des Activit\u00e9s Sociales du territoire Bourgogne\u2013Franche-Comt\u00e9, Marie a int\u00e9gr\u00e9 le p\u00f4le R\u00e9gie CMCAS au sein du collectif technique national. \u00c0 ce titre, elle assure le lien avec les b\u00e2tisseurs du festival et prend en charge la gestion des diff\u00e9rentes commandes n\u00e9cessaires au bon fonctionnement du site : nourriture, boissons et mat\u00e9riels. Elle joue \u00e9galement un r\u00f4le cl\u00e9 de coordination en faisant le lien entre la R\u00e9gie CMCAS et les autres p\u00f4les techniques, afin de garantir une organisation coh\u00e9rente et collective. Au sein de ce p\u00f4le, Marie s\u2019investit en bin\u00f4me avec une autre b\u00e9n\u00e9vole, formant une \u00e9quipe compl\u00e9mentaire essentielle \u00e0 la pr\u00e9paration et au bon d\u00e9roulement du festival. \u00a0 Lothain Combi &amp; Marianne Feite \u2013 P\u00f4le R\u00e9gie G\u00e9n\u00e9rale Au sein du p\u00f4le R\u00e9gie G\u00e9n\u00e9rale, Lothain Combi, responsable \u00e9tudes et d\u00e9veloppement, et Marianne Feite, assistante communication, forment un bin\u00f4me pleinement investi dans la pr\u00e9paration op\u00e9rationnelle du Festival d\u2019\u00c9nergies. Leurs missions portent principalement sur la gestion des commandes de mat\u00e9riel, l\u2019organisation du catering des \u00e9quipes, ainsi que le suivi et la distribution des badges pour l\u2019ensemble des b\u00e9n\u00e9voles \u2014 pr\u00e8s de 1 000 personnes mobilis\u00e9es sur l\u2019\u00e9v\u00e9nement \u2014 sans oublier la gestion des goodies du festival. Ils assurent \u00e9galement les liens n\u00e9cessaires avec les services supports, notamment pour les lettres de mission et les aspects assurantiels, en coordination avec les p\u00f4les concern\u00e9s. En relation constante avec l\u2019ensemble des p\u00f4les techniques, Lothain et Marianne centralisent et accompagnent les besoins exprim\u00e9s afin de garantir une organisation coh\u00e9rente et collective \u00e0 l\u2019\u00e9chelle nationale. L\u2019esprit du Festival d\u2019\u00c9nergies L\u2019engagement de Lothain, Marie et Marianne illustre pleinement l\u2019esprit du Festival d\u2019\u00c9nergies :\u00a0un \u00e9v\u00e9nement construit collectivement, port\u00e9 par les comp\u00e9tences et l\u2019investissement des agents, au service d\u2019un rendez\u2011vous national qui c\u00e9l\u00e9brera cette ann\u00e9e les 80 ans des Activit\u00e9s Sociales et les 40 ans + 1 du Festival d\u2019\u00c9nergies. Par leur implication au sein du collectif technique national, ces trois b\u00e9n\u00e9voles participent activement \u00e0 faire rayonner la plaque Est et \u00e0 pr\u00e9parer une \u00e9dition anniversaire fid\u00e8le aux valeurs de solidarit\u00e9, de partage et de convivialit\u00e9 qui font l\u2019identit\u00e9 du festival. Publi\u00e9 le 28\/04\/2026","og_url":"https:\/\/cestdanslest-ccas.fr\/index.php\/2026\/04\/28\/festival-denergies-lest-repond-present-episode-2\/","og_site_name":"CCAS","article_published_time":"2026-04-28T14:39:51+00:00","article_modified_time":"2026-04-28T14:40:57+00:00","og_image":[{"width":300,"height":300,"url":"https:\/\/cestdanslest-ccas.fr\/wp-content\/uploads\/2026\/04\/gabarit-_dernieres_infos_2.jpg","type":"image\/jpeg"}],"author":"Marianne Feite","twitter_card":"summary_large_image","twitter_misc":{"\u00c9crit par":"Marianne Feite"},"schema":{"@context":"https:\/\/schema.org","@graph":[{"@type":"Article","@id":"https:\/\/cestdanslest-ccas.fr\/index.php\/2026\/04\/28\/festival-denergies-lest-repond-present-episode-2\/#article","isPartOf":{"@id":"https:\/\/cestdanslest-ccas.fr\/index.php\/2026\/04\/28\/festival-denergies-lest-repond-present-episode-2\/"},"author":{"name":"Marianne Feite","@id":"https:\/\/cestdanslest-ccas.fr\/#\/schema\/person\/a2559eeb9be3225d5baa4fcf005086e9"},"headline":"Festival d\u2019\u00c9nergies &#8211; L&rsquo;Est r\u00e9pond pr\u00e9sent \u00e9pisode 2","datePublished":"2026-04-28T14:39:51+00:00","dateModified":"2026-04-28T14:40:57+00:00","mainEntityOfPage":{"@id":"https:\/\/cestdanslest-ccas.fr\/index.php\/2026\/04\/28\/festival-denergies-lest-repond-present-episode-2\/"},"wordCount":570,"publisher":{"@id":"https:\/\/cestdanslest-ccas.fr\/#organization"},"image":{"@id":"https:\/\/cestdanslest-ccas.fr\/index.php\/2026\/04\/28\/festival-denergies-lest-repond-present-episode-2\/#primaryimage"},"thumbnailUrl":"https:\/\/cestdanslest-ccas.fr\/wp-content\/uploads\/2026\/04\/gabarit-_dernieres_infos_2.jpg","articleSection":["Actu de la Plaque"],"inLanguage":"fr-FR"},{"@type":"WebPage","@id":"https:\/\/cestdanslest-ccas.fr\/index.php\/2026\/04\/28\/festival-denergies-lest-repond-present-episode-2\/","url":"https:\/\/cestdanslest-ccas.fr\/index.php\/2026\/04\/28\/festival-denergies-lest-repond-present-episode-2\/","name":"Festival d\u2019\u00c9nergies - L'Est r\u00e9pond pr\u00e9sent \u00e9pisode 2 - CCAS","isPartOf":{"@id":"https:\/\/cestdanslest-ccas.fr\/#website"},"primaryImageOfPage":{"@id":"https:\/\/cestdanslest-ccas.fr\/index.php\/2026\/04\/28\/festival-denergies-lest-repond-present-episode-2\/#primaryimage"},"image":{"@id":"https:\/\/cestdanslest-ccas.fr\/index.php\/2026\/04\/28\/festival-denergies-lest-repond-present-episode-2\/#primaryimage"},"thumbnailUrl":"https:\/\/cestdanslest-ccas.fr\/wp-content\/uploads\/2026\/04\/gabarit-_dernieres_infos_2.jpg","datePublished":"2026-04-28T14:39:51+00:00","dateModified":"2026-04-28T14:40:57+00:00","breadcrumb":{"@id":"https:\/\/cestdanslest-ccas.fr\/index.php\/2026\/04\/28\/festival-denergies-lest-repond-present-episode-2\/#breadcrumb"},"inLanguage":"fr-FR","potentialAction":[{"@type":"ReadAction","target":["https:\/\/cestdanslest-ccas.fr\/index.php\/2026\/04\/28\/festival-denergies-lest-repond-present-episode-2\/"]}]},{"@type":"ImageObject","inLanguage":"fr-FR","@id":"https:\/\/cestdanslest-ccas.fr\/index.php\/2026\/04\/28\/festival-denergies-lest-repond-present-episode-2\/#primaryimage","url":"https:\/\/cestdanslest-ccas.fr\/wp-content\/uploads\/2026\/04\/gabarit-_dernieres_infos_2.jpg","contentUrl":"https:\/\/cestdanslest-ccas.fr\/wp-content\/uploads\/2026\/04\/gabarit-_dernieres_infos_2.jpg","width":300,"height":300},{"@type":"BreadcrumbList","@id":"https:\/\/cestdanslest-ccas.fr\/index.php\/2026\/04\/28\/festival-denergies-lest-repond-present-episode-2\/#breadcrumb","itemListElement":[{"@type":"ListItem","position":1,"name":"Accueil","item":"https:\/\/cestdanslest-ccas.fr\/"},{"@type":"ListItem","position":2,"name":"Festival d\u2019\u00c9nergies &#8211; L&rsquo;Est r\u00e9pond pr\u00e9sent \u00e9pisode 2"}]},{"@type":"WebSite","@id":"https:\/\/cestdanslest-ccas.fr\/#website","url":"https:\/\/cestdanslest-ccas.fr\/","name":"CCAS","description":"","publisher":{"@id":"https:\/\/cestdanslest-ccas.fr\/#organization"},"potentialAction":[{"@type":"SearchAction","target":{"@type":"EntryPoint","urlTemplate":"https:\/\/cestdanslest-ccas.fr\/?s={search_term_string}"},"query-input":{"@type":"PropertyValueSpecification","valueRequired":true,"valueName":"search_term_string"}}],"inLanguage":"fr-FR"},{"@type":"Organization","@id":"https:\/\/cestdanslest-ccas.fr\/#organization","name":"CCAS","url":"https:\/\/cestdanslest-ccas.fr\/","logo":{"@type":"ImageObject","inLanguage":"fr-FR","@id":"https:\/\/cestdanslest-ccas.fr\/#\/schema\/logo\/image\/","url":"https:\/\/cestdanslest-ccas.fr\/wp-content\/uploads\/2023\/08\/Plan-de-travail-1-1.png","contentUrl":"https:\/\/cestdanslest-ccas.fr\/wp-content\/uploads\/2023\/08\/Plan-de-travail-1-1.png","width":777,"height":224,"caption":"CCAS"},"image":{"@id":"https:\/\/cestdanslest-ccas.fr\/#\/schema\/logo\/image\/"}},{"@type":"Person","@id":"https:\/\/cestdanslest-ccas.fr\/#\/schema\/person\/a2559eeb9be3225d5baa4fcf005086e9","name":"Marianne Feite","image":{"@type":"ImageObject","inLanguage":"fr-FR","@id":"https:\/\/secure.gravatar.com\/avatar\/77349ee25b6b235fc22d980ea06ea8eb6da21c266f626027e9bf0103c521213d?s=96&d=mm&r=g","url":"https:\/\/secure.gravatar.com\/avatar\/77349ee25b6b235fc22d980ea06ea8eb6da21c266f626027e9bf0103c521213d?s=96&d=mm&r=g","contentUrl":"https:\/\/secure.gravatar.com\/avatar\/77349ee25b6b235fc22d980ea06ea8eb6da21c266f626027e9bf0103c521213d?s=96&d=mm&r=g","caption":"Marianne Feite"},"url":"https:\/\/cestdanslest-ccas.fr\/index.php\/author\/marianne-feiteasmeg-org\/"}]}},"_links":{"self":[{"href":"https:\/\/cestdanslest-ccas.fr\/index.php\/wp-json\/wp\/v2\/posts\/13767","targetHints":{"allow":["GET"]}}],"collection":[{"href":"https:\/\/cestdanslest-ccas.fr\/index.php\/wp-json\/wp\/v2\/posts"}],"about":[{"href":"https:\/\/cestdanslest-ccas.fr\/index.php\/wp-json\/wp\/v2\/types\/post"}],"author":[{"embeddable":true,"href":"https:\/\/cestdanslest-ccas.fr\/index.php\/wp-json\/wp\/v2\/users\/18"}],"replies":[{"embeddable":true,"href":"https:\/\/cestdanslest-ccas.fr\/index.php\/wp-json\/wp\/v2\/comments?post=13767"}],"version-history":[{"count":9,"href":"https:\/\/cestdanslest-ccas.fr\/index.php\/wp-json\/wp\/v2\/posts\/13767\/revisions"}],"predecessor-version":[{"id":13778,"href":"https:\/\/cestdanslest-ccas.fr\/index.php\/wp-json\/wp\/v2\/posts\/13767\/revisions\/13778"}],"wp:featuredmedia":[{"embeddable":true,"href":"https:\/\/cestdanslest-ccas.fr\/index.php\/wp-json\/wp\/v2\/media\/13768"}],"wp:attachment":[{"href":"https:\/\/cestdanslest-ccas.fr\/index.php\/wp-json\/wp\/v2\/media?parent=13767"}],"wp:term":[{"taxonomy":"category","embeddable":true,"href":"https:\/\/cestdanslest-ccas.fr\/index.php\/wp-json\/wp\/v2\/categories?post=13767"},{"taxonomy":"post_tag","embeddable":true,"href":"https:\/\/cestdanslest-ccas.fr\/index.php\/wp-json\/wp\/v2\/tags?post=13767"}],"curies":[{"name":"wp","href":"https:\/\/api.w.org\/{rel}","templated":true}]}}