{"id":13728,"date":"2026-04-27T12:38:26","date_gmt":"2026-04-27T10:38:26","guid":{"rendered":"https:\/\/cestdanslest-ccas.fr\/?p=13728"},"modified":"2026-04-27T14:52:47","modified_gmt":"2026-04-27T12:52:47","slug":"invitation-22-juin-2026","status":"publish","type":"post","link":"https:\/\/cestdanslest-ccas.fr\/index.php\/2026\/04\/27\/invitation-22-juin-2026\/","title":{"rendered":"Invitation 22 juin 2026"},"content":{"rendered":"\t\t<div data-elementor-type=\"wp-post\" data-elementor-id=\"13728\" class=\"elementor elementor-13728\">\n\t\t\t\t\t\t<section class=\"elementor-section elementor-top-section elementor-element elementor-element-7f5126f elementor-section-boxed elementor-section-height-default elementor-section-height-default wpr-particle-no wpr-jarallax-no wpr-parallax-no wpr-sticky-section-no wpr-equal-height-no\" data-id=\"7f5126f\" data-element_type=\"section\" data-e-type=\"section\">\n\t\t\t\t\t\t<div class=\"elementor-container elementor-column-gap-default\">\n\t\t\t\t\t<div class=\"elementor-column elementor-col-100 elementor-top-column elementor-element elementor-element-7c9096f\" data-id=\"7c9096f\" data-element_type=\"column\" data-e-type=\"column\">\n\t\t\t<div class=\"elementor-widget-wrap elementor-element-populated\">\n\t\t\t\t\t\t<div class=\"elementor-element elementor-element-f5e586e elementor-widget elementor-widget-spacer\" data-id=\"f5e586e\" data-element_type=\"widget\" data-e-type=\"widget\" data-widget_type=\"spacer.default\">\n\t\t\t\t<div class=\"elementor-widget-container\">\n\t\t\t\t\t\t\t<div class=\"elementor-spacer\">\n\t\t\t<div class=\"elementor-spacer-inner\"><\/div>\n\t\t<\/div>\n\t\t\t\t\t\t<\/div>\n\t\t\t\t<\/div>\n\t\t\t\t\t<\/div>\n\t\t<\/div>\n\t\t\t\t\t<\/div>\n\t\t<\/section>\n\t\t\t\t<section class=\"elementor-section elementor-top-section elementor-element elementor-element-144fd05 elementor-section-boxed elementor-section-height-default elementor-section-height-default wpr-particle-no wpr-jarallax-no wpr-parallax-no wpr-sticky-section-no wpr-equal-height-no\" data-id=\"144fd05\" data-element_type=\"section\" data-e-type=\"section\">\n\t\t\t\t\t\t<div class=\"elementor-container elementor-column-gap-default\">\n\t\t\t\t\t<div class=\"elementor-column elementor-col-100 elementor-top-column elementor-element elementor-element-7179d2f\" data-id=\"7179d2f\" data-element_type=\"column\" data-e-type=\"column\">\n\t\t\t<div class=\"elementor-widget-wrap elementor-element-populated\">\n\t\t\t\t\t\t<div class=\"elementor-element elementor-element-db42b54 elementor-widget elementor-widget-heading\" data-id=\"db42b54\" data-element_type=\"widget\" data-e-type=\"widget\" data-widget_type=\"heading.default\">\n\t\t\t\t<div class=\"elementor-widget-container\">\n\t\t\t\t\t<h2 class=\"elementor-heading-title elementor-size-default\">F\u00eatons ensemble les 80 ans des AS<\/h2>\t\t\t\t<\/div>\n\t\t\t\t<\/div>\n\t\t\t\t\t<\/div>\n\t\t<\/div>\n\t\t\t\t\t<\/div>\n\t\t<\/section>\n\t\t\t\t<section class=\"elementor-section elementor-top-section elementor-element elementor-element-240d722 elementor-section-boxed elementor-section-height-default elementor-section-height-default wpr-particle-no wpr-jarallax-no wpr-parallax-no wpr-sticky-section-no wpr-equal-height-no\" data-id=\"240d722\" data-element_type=\"section\" data-e-type=\"section\">\n\t\t\t\t\t\t<div class=\"elementor-container elementor-column-gap-default\">\n\t\t\t\t\t<div class=\"elementor-column elementor-col-100 elementor-top-column elementor-element elementor-element-3faacd4\" data-id=\"3faacd4\" data-element_type=\"column\" data-e-type=\"column\">\n\t\t\t<div class=\"elementor-widget-wrap elementor-element-populated\">\n\t\t\t\t\t\t<div class=\"elementor-element elementor-element-856f7cd elementor-widget elementor-widget-image\" data-id=\"856f7cd\" data-element_type=\"widget\" data-e-type=\"widget\" data-widget_type=\"image.default\">\n\t\t\t\t<div class=\"elementor-widget-container\">\n\t\t\t\t\t\t\t\t\t\t\t\t\t\t\t<img fetchpriority=\"high\" decoding=\"async\" width=\"800\" height=\"352\" src=\"https:\/\/cestdanslest-ccas.fr\/wp-content\/uploads\/2026\/04\/gabarit-_slider_80_ans-1024x450.jpg\" class=\"attachment-large size-large wp-image-13734\" alt=\"\" srcset=\"https:\/\/cestdanslest-ccas.fr\/wp-content\/uploads\/2026\/04\/gabarit-_slider_80_ans-1024x450.jpg 1024w, https:\/\/cestdanslest-ccas.fr\/wp-content\/uploads\/2026\/04\/gabarit-_slider_80_ans-300x132.jpg 300w, https:\/\/cestdanslest-ccas.fr\/wp-content\/uploads\/2026\/04\/gabarit-_slider_80_ans-768x337.jpg 768w, https:\/\/cestdanslest-ccas.fr\/wp-content\/uploads\/2026\/04\/gabarit-_slider_80_ans.jpg 1366w\" sizes=\"(max-width: 800px) 100vw, 800px\" \/>\t\t\t\t\t\t\t\t\t\t\t\t\t\t\t<\/div>\n\t\t\t\t<\/div>\n\t\t\t\t\t<\/div>\n\t\t<\/div>\n\t\t\t\t\t<\/div>\n\t\t<\/section>\n\t\t\t\t<section class=\"elementor-section elementor-top-section elementor-element elementor-element-c054071 elementor-section-boxed elementor-section-height-default elementor-section-height-default wpr-particle-no wpr-jarallax-no wpr-parallax-no wpr-sticky-section-no wpr-equal-height-no\" data-id=\"c054071\" data-element_type=\"section\" data-e-type=\"section\">\n\t\t\t\t\t\t<div class=\"elementor-container elementor-column-gap-default\">\n\t\t\t\t\t<div class=\"elementor-column elementor-col-100 elementor-top-column elementor-element elementor-element-ecdfe51\" data-id=\"ecdfe51\" data-element_type=\"column\" data-e-type=\"column\">\n\t\t\t<div class=\"elementor-widget-wrap elementor-element-populated\">\n\t\t\t\t\t\t<div class=\"elementor-element elementor-element-5380a73 elementor-widget elementor-widget-text-editor\" data-id=\"5380a73\" data-element_type=\"widget\" data-e-type=\"widget\" data-widget_type=\"text-editor.default\">\n\t\t\t\t<div class=\"elementor-widget-container\">\n\t\t\t\t\t\t\t\t\t<p>Comme vous le savez tous, cette ann\u00e9e 2026 est riche en anniversaires.<\/p><p><span style=\"color: #3366ff;\"><strong>80 ANS<\/strong> <\/span>que la grande aventure des Activit\u00e9s Sociales a \u00e9t\u00e9 officiellement lanc\u00e9e le 22 juin 1946\u00a0lors de la parution du d\u00e9cret approuvant le statut national du personnel des Industries \u00e9lectrique et gazi\u00e8re.<\/p><p><strong><span style=\"color: #3366ff;\">90 ANS<\/span> <\/strong>que le gouvernement du Front Populaire a adopt\u00e9 la loi \u00e9largissant pour la premi\u00e8re fois\u00a0\u00e0 l\u2019ensemble de la population les cong\u00e9s pay\u00e9s.<\/p><p><strong><span style=\"color: #3366ff;\">Alors f\u00eatons ensemble ces temps forts riches de notre histoire le lundi 22 juin 2026 sur l\u2019un\u00a0des 4 sites de votre choix :<\/span> <\/strong>Franois, Mulhouse, Nancy et Reims (salle Coffignot).<\/p><p>Nous nous retrouverons entres coll\u00e8gues de notre plaque mais pas que ! La Direction nationale\u00a0souhaite c\u00e9l\u00e9brer avec nous ce temps fort et donner le coup d\u2019envoi de la campagne d\u2019\u00e9t\u00e9.\u00a0<strong><span style=\"color: #3366ff;\">Nous serons donc tous r\u00e9uni\u00b7e\u00b7s, salari\u00e9\u00b7e\u00b7s des 10 plaques et du si\u00e8ge pour un \u00e9v\u00e9nement\u00a0hybride in\u00e9dit.<\/span><\/strong><\/p><p><span style=\"color: #3366ff;\"><strong>Au programme de cette journ\u00e9e :<\/strong><\/span><\/p><ul><li>9h30 : caf\u00e9 d\u2019accueil<\/li><li>10h : <a href=\"https:\/\/cestdanslest-ccas.fr\/index.php\/2026\/04\/24\/atelier-ia\/\">webinaire IA<\/a><\/li><li>11h30 : cocktail d\u00e9jeunatoire<\/li><li>14h : \u00e9v\u00e9nement national hybride<\/li><li>16h : d\u00e9part des participants<\/li><\/ul><p>Et quelques surprises viendront agr\u00e9menter cette journ\u00e9e sp\u00e9ciale.<\/p><p>Pour faciliter l\u2019organisation de cette journ\u00e9e, nous vous invitons \u00e0 <a href=\"https:\/\/forms.office.com\/Pages\/ResponsePage.aspx?id=bwv-JS_v60-M3Dly3PZKYpQPCylTjvZDnEXKlYIwjMpUNjJEUE9OM0tBQkdLTk9LQ1AxV0tIQUNVQy4u\">remplir le questionnaire disponible ici <\/a><strong><span style=\"color: #ff0000;\">avant le vendredi 15 mai.<\/span><\/strong><\/p><p>\u00a0<\/p>\t\t\t\t\t\t\t\t<\/div>\n\t\t\t\t<\/div>\n\t\t\t\t\t<\/div>\n\t\t<\/div>\n\t\t\t\t\t<\/div>\n\t\t<\/section>\n\t\t\t\t<section class=\"elementor-section elementor-top-section elementor-element elementor-element-4f699f3 elementor-section-boxed elementor-section-height-default elementor-section-height-default wpr-particle-no wpr-jarallax-no wpr-parallax-no wpr-sticky-section-no wpr-equal-height-no\" data-id=\"4f699f3\" data-element_type=\"section\" data-e-type=\"section\">\n\t\t\t\t\t\t<div class=\"elementor-container elementor-column-gap-default\">\n\t\t\t\t\t<div class=\"elementor-column elementor-col-100 elementor-top-column elementor-element elementor-element-f7dbbc3\" data-id=\"f7dbbc3\" data-element_type=\"column\" data-e-type=\"column\">\n\t\t\t<div class=\"elementor-widget-wrap elementor-element-populated\">\n\t\t\t\t\t\t<div class=\"elementor-element elementor-element-e3aa356 elementor-widget elementor-widget-spacer\" data-id=\"e3aa356\" data-element_type=\"widget\" data-e-type=\"widget\" data-widget_type=\"spacer.default\">\n\t\t\t\t<div class=\"elementor-widget-container\">\n\t\t\t\t\t\t\t<div class=\"elementor-spacer\">\n\t\t\t<div class=\"elementor-spacer-inner\"><\/div>\n\t\t<\/div>\n\t\t\t\t\t\t<\/div>\n\t\t\t\t<\/div>\n\t\t\t\t\t<\/div>\n\t\t<\/div>\n\t\t\t\t\t<\/div>\n\t\t<\/section>\n\t\t\t\t<\/div>\n\t\t","protected":false},"excerpt":{"rendered":"<p>F\u00eatons ensemble les 80 ans des AS Comme vous le savez tous, cette ann\u00e9e 2026 est riche en anniversaires. 80 ANS que la grande aventure des Activit\u00e9s Sociales a \u00e9t\u00e9 officiellement lanc\u00e9e le 22 juin 1946\u00a0lors de la parution du d\u00e9cret approuvant le statut national du personnel des Industries \u00e9lectrique et gazi\u00e8re. 90 ANS que le gouvernement du Front Populaire a adopt\u00e9 la loi \u00e9largissant pour la premi\u00e8re fois\u00a0\u00e0 l\u2019ensemble de la population les cong\u00e9s pay\u00e9s. Alors f\u00eatons ensemble ces temps forts riches de notre histoire le lundi 22 juin 2026 sur l\u2019un\u00a0des 4 sites de votre choix : Franois, Mulhouse, Nancy et Reims (salle Coffignot). Nous nous retrouverons entres coll\u00e8gues de notre plaque mais pas que ! La Direction nationale\u00a0souhaite c\u00e9l\u00e9brer avec nous ce temps fort et donner le coup d\u2019envoi de la campagne d\u2019\u00e9t\u00e9.\u00a0Nous serons donc tous r\u00e9uni\u00b7e\u00b7s, salari\u00e9\u00b7e\u00b7s des 10 plaques et du si\u00e8ge pour un \u00e9v\u00e9nement\u00a0hybride in\u00e9dit. Au programme de cette journ\u00e9e : 9h30 : caf\u00e9 d\u2019accueil 10h : webinaire IA 11h30 : cocktail d\u00e9jeunatoire 14h : \u00e9v\u00e9nement national hybride 16h : d\u00e9part des participants Et quelques surprises viendront agr\u00e9menter cette journ\u00e9e sp\u00e9ciale. Pour faciliter l\u2019organisation de cette journ\u00e9e, nous vous invitons \u00e0 remplir le questionnaire disponible ici avant le vendredi 15 mai. \u00a0<\/p>\n","protected":false},"author":18,"featured_media":13734,"comment_status":"closed","ping_status":"closed","sticky":false,"template":"elementor_header_footer","format":"standard","meta":{"_monsterinsights_skip_tracking":false,"_monsterinsights_sitenote_active":false,"_monsterinsights_sitenote_note":"","_monsterinsights_sitenote_category":0,"footnotes":""},"categories":[24],"tags":[],"class_list":["post-13728","post","type-post","status-publish","format-standard","has-post-thumbnail","hentry","category-slides"],"yoast_head":"<!-- This site is optimized with the Yoast SEO plugin v27.5 - https:\/\/yoast.com\/product\/yoast-seo-wordpress\/ -->\n<title>Invitation 22 juin 2026 - CCAS<\/title>\n<meta name=\"robots\" content=\"noindex, follow, max-snippet:-1, max-image-preview:large, max-video-preview:-1\" \/>\n<meta property=\"og:locale\" content=\"fr_FR\" \/>\n<meta property=\"og:type\" content=\"article\" \/>\n<meta property=\"og:title\" content=\"Invitation 22 juin 2026 - CCAS\" \/>\n<meta property=\"og:description\" content=\"F\u00eatons ensemble les 80 ans des AS Comme vous le savez tous, cette ann\u00e9e 2026 est riche en anniversaires. 80 ANS que la grande aventure des Activit\u00e9s Sociales a \u00e9t\u00e9 officiellement lanc\u00e9e le 22 juin 1946\u00a0lors de la parution du d\u00e9cret approuvant le statut national du personnel des Industries \u00e9lectrique et gazi\u00e8re. 90 ANS que le gouvernement du Front Populaire a adopt\u00e9 la loi \u00e9largissant pour la premi\u00e8re fois\u00a0\u00e0 l\u2019ensemble de la population les cong\u00e9s pay\u00e9s. Alors f\u00eatons ensemble ces temps forts riches de notre histoire le lundi 22 juin 2026 sur l\u2019un\u00a0des 4 sites de votre choix : Franois, Mulhouse, Nancy et Reims (salle Coffignot). Nous nous retrouverons entres coll\u00e8gues de notre plaque mais pas que ! La Direction nationale\u00a0souhaite c\u00e9l\u00e9brer avec nous ce temps fort et donner le coup d\u2019envoi de la campagne d\u2019\u00e9t\u00e9.\u00a0Nous serons donc tous r\u00e9uni\u00b7e\u00b7s, salari\u00e9\u00b7e\u00b7s des 10 plaques et du si\u00e8ge pour un \u00e9v\u00e9nement\u00a0hybride in\u00e9dit. Au programme de cette journ\u00e9e : 9h30 : caf\u00e9 d\u2019accueil 10h : webinaire IA 11h30 : cocktail d\u00e9jeunatoire 14h : \u00e9v\u00e9nement national hybride 16h : d\u00e9part des participants Et quelques surprises viendront agr\u00e9menter cette journ\u00e9e sp\u00e9ciale. Pour faciliter l\u2019organisation de cette journ\u00e9e, nous vous invitons \u00e0 remplir le questionnaire disponible ici avant le vendredi 15 mai. \u00a0\" \/>\n<meta property=\"og:url\" content=\"https:\/\/cestdanslest-ccas.fr\/index.php\/2026\/04\/27\/invitation-22-juin-2026\/\" \/>\n<meta property=\"og:site_name\" content=\"CCAS\" \/>\n<meta property=\"article:published_time\" content=\"2026-04-27T10:38:26+00:00\" \/>\n<meta property=\"article:modified_time\" content=\"2026-04-27T12:52:47+00:00\" \/>\n<meta property=\"og:image\" content=\"https:\/\/cestdanslest-ccas.fr\/wp-content\/uploads\/2026\/04\/gabarit-_slider_80_ans.jpg\" \/>\n\t<meta property=\"og:image:width\" content=\"1366\" \/>\n\t<meta property=\"og:image:height\" content=\"600\" \/>\n\t<meta property=\"og:image:type\" content=\"image\/jpeg\" \/>\n<meta name=\"author\" content=\"Marianne Feite\" \/>\n<meta name=\"twitter:card\" content=\"summary_large_image\" \/>\n<meta name=\"twitter:label1\" content=\"\u00c9crit par\" \/>\n\t<meta name=\"twitter:data1\" content=\"Marianne Feite\" \/>\n\t<meta name=\"twitter:label2\" content=\"Dur\u00e9e de lecture estim\u00e9e\" \/>\n\t<meta name=\"twitter:data2\" content=\"2 minutes\" \/>\n<script type=\"application\/ld+json\" class=\"yoast-schema-graph\">{\"@context\":\"https:\\\/\\\/schema.org\",\"@graph\":[{\"@type\":\"Article\",\"@id\":\"https:\\\/\\\/cestdanslest-ccas.fr\\\/index.php\\\/2026\\\/04\\\/27\\\/invitation-22-juin-2026\\\/#article\",\"isPartOf\":{\"@id\":\"https:\\\/\\\/cestdanslest-ccas.fr\\\/index.php\\\/2026\\\/04\\\/27\\\/invitation-22-juin-2026\\\/\"},\"author\":{\"name\":\"Marianne Feite\",\"@id\":\"https:\\\/\\\/cestdanslest-ccas.fr\\\/#\\\/schema\\\/person\\\/a2559eeb9be3225d5baa4fcf005086e9\"},\"headline\":\"Invitation 22 juin 2026\",\"datePublished\":\"2026-04-27T10:38:26+00:00\",\"dateModified\":\"2026-04-27T12:52:47+00:00\",\"mainEntityOfPage\":{\"@id\":\"https:\\\/\\\/cestdanslest-ccas.fr\\\/index.php\\\/2026\\\/04\\\/27\\\/invitation-22-juin-2026\\\/\"},\"wordCount\":229,\"publisher\":{\"@id\":\"https:\\\/\\\/cestdanslest-ccas.fr\\\/#organization\"},\"image\":{\"@id\":\"https:\\\/\\\/cestdanslest-ccas.fr\\\/index.php\\\/2026\\\/04\\\/27\\\/invitation-22-juin-2026\\\/#primaryimage\"},\"thumbnailUrl\":\"https:\\\/\\\/cestdanslest-ccas.fr\\\/wp-content\\\/uploads\\\/2026\\\/04\\\/gabarit-_slider_80_ans.jpg\",\"articleSection\":[\"Slides\"],\"inLanguage\":\"fr-FR\"},{\"@type\":\"WebPage\",\"@id\":\"https:\\\/\\\/cestdanslest-ccas.fr\\\/index.php\\\/2026\\\/04\\\/27\\\/invitation-22-juin-2026\\\/\",\"url\":\"https:\\\/\\\/cestdanslest-ccas.fr\\\/index.php\\\/2026\\\/04\\\/27\\\/invitation-22-juin-2026\\\/\",\"name\":\"Invitation 22 juin 2026 - CCAS\",\"isPartOf\":{\"@id\":\"https:\\\/\\\/cestdanslest-ccas.fr\\\/#website\"},\"primaryImageOfPage\":{\"@id\":\"https:\\\/\\\/cestdanslest-ccas.fr\\\/index.php\\\/2026\\\/04\\\/27\\\/invitation-22-juin-2026\\\/#primaryimage\"},\"image\":{\"@id\":\"https:\\\/\\\/cestdanslest-ccas.fr\\\/index.php\\\/2026\\\/04\\\/27\\\/invitation-22-juin-2026\\\/#primaryimage\"},\"thumbnailUrl\":\"https:\\\/\\\/cestdanslest-ccas.fr\\\/wp-content\\\/uploads\\\/2026\\\/04\\\/gabarit-_slider_80_ans.jpg\",\"datePublished\":\"2026-04-27T10:38:26+00:00\",\"dateModified\":\"2026-04-27T12:52:47+00:00\",\"breadcrumb\":{\"@id\":\"https:\\\/\\\/cestdanslest-ccas.fr\\\/index.php\\\/2026\\\/04\\\/27\\\/invitation-22-juin-2026\\\/#breadcrumb\"},\"inLanguage\":\"fr-FR\",\"potentialAction\":[{\"@type\":\"ReadAction\",\"target\":[\"https:\\\/\\\/cestdanslest-ccas.fr\\\/index.php\\\/2026\\\/04\\\/27\\\/invitation-22-juin-2026\\\/\"]}]},{\"@type\":\"ImageObject\",\"inLanguage\":\"fr-FR\",\"@id\":\"https:\\\/\\\/cestdanslest-ccas.fr\\\/index.php\\\/2026\\\/04\\\/27\\\/invitation-22-juin-2026\\\/#primaryimage\",\"url\":\"https:\\\/\\\/cestdanslest-ccas.fr\\\/wp-content\\\/uploads\\\/2026\\\/04\\\/gabarit-_slider_80_ans.jpg\",\"contentUrl\":\"https:\\\/\\\/cestdanslest-ccas.fr\\\/wp-content\\\/uploads\\\/2026\\\/04\\\/gabarit-_slider_80_ans.jpg\",\"width\":1366,\"height\":600},{\"@type\":\"BreadcrumbList\",\"@id\":\"https:\\\/\\\/cestdanslest-ccas.fr\\\/index.php\\\/2026\\\/04\\\/27\\\/invitation-22-juin-2026\\\/#breadcrumb\",\"itemListElement\":[{\"@type\":\"ListItem\",\"position\":1,\"name\":\"Accueil\",\"item\":\"https:\\\/\\\/cestdanslest-ccas.fr\\\/\"},{\"@type\":\"ListItem\",\"position\":2,\"name\":\"Invitation 22 juin 2026\"}]},{\"@type\":\"WebSite\",\"@id\":\"https:\\\/\\\/cestdanslest-ccas.fr\\\/#website\",\"url\":\"https:\\\/\\\/cestdanslest-ccas.fr\\\/\",\"name\":\"CCAS\",\"description\":\"\",\"publisher\":{\"@id\":\"https:\\\/\\\/cestdanslest-ccas.fr\\\/#organization\"},\"potentialAction\":[{\"@type\":\"SearchAction\",\"target\":{\"@type\":\"EntryPoint\",\"urlTemplate\":\"https:\\\/\\\/cestdanslest-ccas.fr\\\/?s={search_term_string}\"},\"query-input\":{\"@type\":\"PropertyValueSpecification\",\"valueRequired\":true,\"valueName\":\"search_term_string\"}}],\"inLanguage\":\"fr-FR\"},{\"@type\":\"Organization\",\"@id\":\"https:\\\/\\\/cestdanslest-ccas.fr\\\/#organization\",\"name\":\"CCAS\",\"url\":\"https:\\\/\\\/cestdanslest-ccas.fr\\\/\",\"logo\":{\"@type\":\"ImageObject\",\"inLanguage\":\"fr-FR\",\"@id\":\"https:\\\/\\\/cestdanslest-ccas.fr\\\/#\\\/schema\\\/logo\\\/image\\\/\",\"url\":\"https:\\\/\\\/cestdanslest-ccas.fr\\\/wp-content\\\/uploads\\\/2023\\\/08\\\/Plan-de-travail-1-1.png\",\"contentUrl\":\"https:\\\/\\\/cestdanslest-ccas.fr\\\/wp-content\\\/uploads\\\/2023\\\/08\\\/Plan-de-travail-1-1.png\",\"width\":777,\"height\":224,\"caption\":\"CCAS\"},\"image\":{\"@id\":\"https:\\\/\\\/cestdanslest-ccas.fr\\\/#\\\/schema\\\/logo\\\/image\\\/\"}},{\"@type\":\"Person\",\"@id\":\"https:\\\/\\\/cestdanslest-ccas.fr\\\/#\\\/schema\\\/person\\\/a2559eeb9be3225d5baa4fcf005086e9\",\"name\":\"Marianne Feite\",\"image\":{\"@type\":\"ImageObject\",\"inLanguage\":\"fr-FR\",\"@id\":\"https:\\\/\\\/secure.gravatar.com\\\/avatar\\\/77349ee25b6b235fc22d980ea06ea8eb6da21c266f626027e9bf0103c521213d?s=96&d=mm&r=g\",\"url\":\"https:\\\/\\\/secure.gravatar.com\\\/avatar\\\/77349ee25b6b235fc22d980ea06ea8eb6da21c266f626027e9bf0103c521213d?s=96&d=mm&r=g\",\"contentUrl\":\"https:\\\/\\\/secure.gravatar.com\\\/avatar\\\/77349ee25b6b235fc22d980ea06ea8eb6da21c266f626027e9bf0103c521213d?s=96&d=mm&r=g\",\"caption\":\"Marianne Feite\"},\"url\":\"https:\\\/\\\/cestdanslest-ccas.fr\\\/index.php\\\/author\\\/marianne-feiteasmeg-org\\\/\"}]}<\/script>\n<!-- \/ Yoast SEO plugin. -->","yoast_head_json":{"title":"Invitation 22 juin 2026 - CCAS","robots":{"index":"noindex","follow":"follow","max-snippet":"max-snippet:-1","max-image-preview":"max-image-preview:large","max-video-preview":"max-video-preview:-1"},"og_locale":"fr_FR","og_type":"article","og_title":"Invitation 22 juin 2026 - CCAS","og_description":"F\u00eatons ensemble les 80 ans des AS Comme vous le savez tous, cette ann\u00e9e 2026 est riche en anniversaires. 80 ANS que la grande aventure des Activit\u00e9s Sociales a \u00e9t\u00e9 officiellement lanc\u00e9e le 22 juin 1946\u00a0lors de la parution du d\u00e9cret approuvant le statut national du personnel des Industries \u00e9lectrique et gazi\u00e8re. 90 ANS que le gouvernement du Front Populaire a adopt\u00e9 la loi \u00e9largissant pour la premi\u00e8re fois\u00a0\u00e0 l\u2019ensemble de la population les cong\u00e9s pay\u00e9s. Alors f\u00eatons ensemble ces temps forts riches de notre histoire le lundi 22 juin 2026 sur l\u2019un\u00a0des 4 sites de votre choix : Franois, Mulhouse, Nancy et Reims (salle Coffignot). Nous nous retrouverons entres coll\u00e8gues de notre plaque mais pas que ! La Direction nationale\u00a0souhaite c\u00e9l\u00e9brer avec nous ce temps fort et donner le coup d\u2019envoi de la campagne d\u2019\u00e9t\u00e9.\u00a0Nous serons donc tous r\u00e9uni\u00b7e\u00b7s, salari\u00e9\u00b7e\u00b7s des 10 plaques et du si\u00e8ge pour un \u00e9v\u00e9nement\u00a0hybride in\u00e9dit. Au programme de cette journ\u00e9e : 9h30 : caf\u00e9 d\u2019accueil 10h : webinaire IA 11h30 : cocktail d\u00e9jeunatoire 14h : \u00e9v\u00e9nement national hybride 16h : d\u00e9part des participants Et quelques surprises viendront agr\u00e9menter cette journ\u00e9e sp\u00e9ciale. Pour faciliter l\u2019organisation de cette journ\u00e9e, nous vous invitons \u00e0 remplir le questionnaire disponible ici avant le vendredi 15 mai. \u00a0","og_url":"https:\/\/cestdanslest-ccas.fr\/index.php\/2026\/04\/27\/invitation-22-juin-2026\/","og_site_name":"CCAS","article_published_time":"2026-04-27T10:38:26+00:00","article_modified_time":"2026-04-27T12:52:47+00:00","og_image":[{"width":1366,"height":600,"url":"https:\/\/cestdanslest-ccas.fr\/wp-content\/uploads\/2026\/04\/gabarit-_slider_80_ans.jpg","type":"image\/jpeg"}],"author":"Marianne Feite","twitter_card":"summary_large_image","twitter_misc":{"\u00c9crit par":"Marianne Feite","Dur\u00e9e de lecture estim\u00e9e":"2 minutes"},"schema":{"@context":"https:\/\/schema.org","@graph":[{"@type":"Article","@id":"https:\/\/cestdanslest-ccas.fr\/index.php\/2026\/04\/27\/invitation-22-juin-2026\/#article","isPartOf":{"@id":"https:\/\/cestdanslest-ccas.fr\/index.php\/2026\/04\/27\/invitation-22-juin-2026\/"},"author":{"name":"Marianne Feite","@id":"https:\/\/cestdanslest-ccas.fr\/#\/schema\/person\/a2559eeb9be3225d5baa4fcf005086e9"},"headline":"Invitation 22 juin 2026","datePublished":"2026-04-27T10:38:26+00:00","dateModified":"2026-04-27T12:52:47+00:00","mainEntityOfPage":{"@id":"https:\/\/cestdanslest-ccas.fr\/index.php\/2026\/04\/27\/invitation-22-juin-2026\/"},"wordCount":229,"publisher":{"@id":"https:\/\/cestdanslest-ccas.fr\/#organization"},"image":{"@id":"https:\/\/cestdanslest-ccas.fr\/index.php\/2026\/04\/27\/invitation-22-juin-2026\/#primaryimage"},"thumbnailUrl":"https:\/\/cestdanslest-ccas.fr\/wp-content\/uploads\/2026\/04\/gabarit-_slider_80_ans.jpg","articleSection":["Slides"],"inLanguage":"fr-FR"},{"@type":"WebPage","@id":"https:\/\/cestdanslest-ccas.fr\/index.php\/2026\/04\/27\/invitation-22-juin-2026\/","url":"https:\/\/cestdanslest-ccas.fr\/index.php\/2026\/04\/27\/invitation-22-juin-2026\/","name":"Invitation 22 juin 2026 - CCAS","isPartOf":{"@id":"https:\/\/cestdanslest-ccas.fr\/#website"},"primaryImageOfPage":{"@id":"https:\/\/cestdanslest-ccas.fr\/index.php\/2026\/04\/27\/invitation-22-juin-2026\/#primaryimage"},"image":{"@id":"https:\/\/cestdanslest-ccas.fr\/index.php\/2026\/04\/27\/invitation-22-juin-2026\/#primaryimage"},"thumbnailUrl":"https:\/\/cestdanslest-ccas.fr\/wp-content\/uploads\/2026\/04\/gabarit-_slider_80_ans.jpg","datePublished":"2026-04-27T10:38:26+00:00","dateModified":"2026-04-27T12:52:47+00:00","breadcrumb":{"@id":"https:\/\/cestdanslest-ccas.fr\/index.php\/2026\/04\/27\/invitation-22-juin-2026\/#breadcrumb"},"inLanguage":"fr-FR","potentialAction":[{"@type":"ReadAction","target":["https:\/\/cestdanslest-ccas.fr\/index.php\/2026\/04\/27\/invitation-22-juin-2026\/"]}]},{"@type":"ImageObject","inLanguage":"fr-FR","@id":"https:\/\/cestdanslest-ccas.fr\/index.php\/2026\/04\/27\/invitation-22-juin-2026\/#primaryimage","url":"https:\/\/cestdanslest-ccas.fr\/wp-content\/uploads\/2026\/04\/gabarit-_slider_80_ans.jpg","contentUrl":"https:\/\/cestdanslest-ccas.fr\/wp-content\/uploads\/2026\/04\/gabarit-_slider_80_ans.jpg","width":1366,"height":600},{"@type":"BreadcrumbList","@id":"https:\/\/cestdanslest-ccas.fr\/index.php\/2026\/04\/27\/invitation-22-juin-2026\/#breadcrumb","itemListElement":[{"@type":"ListItem","position":1,"name":"Accueil","item":"https:\/\/cestdanslest-ccas.fr\/"},{"@type":"ListItem","position":2,"name":"Invitation 22 juin 2026"}]},{"@type":"WebSite","@id":"https:\/\/cestdanslest-ccas.fr\/#website","url":"https:\/\/cestdanslest-ccas.fr\/","name":"CCAS","description":"","publisher":{"@id":"https:\/\/cestdanslest-ccas.fr\/#organization"},"potentialAction":[{"@type":"SearchAction","target":{"@type":"EntryPoint","urlTemplate":"https:\/\/cestdanslest-ccas.fr\/?s={search_term_string}"},"query-input":{"@type":"PropertyValueSpecification","valueRequired":true,"valueName":"search_term_string"}}],"inLanguage":"fr-FR"},{"@type":"Organization","@id":"https:\/\/cestdanslest-ccas.fr\/#organization","name":"CCAS","url":"https:\/\/cestdanslest-ccas.fr\/","logo":{"@type":"ImageObject","inLanguage":"fr-FR","@id":"https:\/\/cestdanslest-ccas.fr\/#\/schema\/logo\/image\/","url":"https:\/\/cestdanslest-ccas.fr\/wp-content\/uploads\/2023\/08\/Plan-de-travail-1-1.png","contentUrl":"https:\/\/cestdanslest-ccas.fr\/wp-content\/uploads\/2023\/08\/Plan-de-travail-1-1.png","width":777,"height":224,"caption":"CCAS"},"image":{"@id":"https:\/\/cestdanslest-ccas.fr\/#\/schema\/logo\/image\/"}},{"@type":"Person","@id":"https:\/\/cestdanslest-ccas.fr\/#\/schema\/person\/a2559eeb9be3225d5baa4fcf005086e9","name":"Marianne Feite","image":{"@type":"ImageObject","inLanguage":"fr-FR","@id":"https:\/\/secure.gravatar.com\/avatar\/77349ee25b6b235fc22d980ea06ea8eb6da21c266f626027e9bf0103c521213d?s=96&d=mm&r=g","url":"https:\/\/secure.gravatar.com\/avatar\/77349ee25b6b235fc22d980ea06ea8eb6da21c266f626027e9bf0103c521213d?s=96&d=mm&r=g","contentUrl":"https:\/\/secure.gravatar.com\/avatar\/77349ee25b6b235fc22d980ea06ea8eb6da21c266f626027e9bf0103c521213d?s=96&d=mm&r=g","caption":"Marianne Feite"},"url":"https:\/\/cestdanslest-ccas.fr\/index.php\/author\/marianne-feiteasmeg-org\/"}]}},"_links":{"self":[{"href":"https:\/\/cestdanslest-ccas.fr\/index.php\/wp-json\/wp\/v2\/posts\/13728","targetHints":{"allow":["GET"]}}],"collection":[{"href":"https:\/\/cestdanslest-ccas.fr\/index.php\/wp-json\/wp\/v2\/posts"}],"about":[{"href":"https:\/\/cestdanslest-ccas.fr\/index.php\/wp-json\/wp\/v2\/types\/post"}],"author":[{"embeddable":true,"href":"https:\/\/cestdanslest-ccas.fr\/index.php\/wp-json\/wp\/v2\/users\/18"}],"replies":[{"embeddable":true,"href":"https:\/\/cestdanslest-ccas.fr\/index.php\/wp-json\/wp\/v2\/comments?post=13728"}],"version-history":[{"count":7,"href":"https:\/\/cestdanslest-ccas.fr\/index.php\/wp-json\/wp\/v2\/posts\/13728\/revisions"}],"predecessor-version":[{"id":13737,"href":"https:\/\/cestdanslest-ccas.fr\/index.php\/wp-json\/wp\/v2\/posts\/13728\/revisions\/13737"}],"wp:featuredmedia":[{"embeddable":true,"href":"https:\/\/cestdanslest-ccas.fr\/index.php\/wp-json\/wp\/v2\/media\/13734"}],"wp:attachment":[{"href":"https:\/\/cestdanslest-ccas.fr\/index.php\/wp-json\/wp\/v2\/media?parent=13728"}],"wp:term":[{"taxonomy":"category","embeddable":true,"href":"https:\/\/cestdanslest-ccas.fr\/index.php\/wp-json\/wp\/v2\/categories?post=13728"},{"taxonomy":"post_tag","embeddable":true,"href":"https:\/\/cestdanslest-ccas.fr\/index.php\/wp-json\/wp\/v2\/tags?post=13728"}],"curies":[{"name":"wp","href":"https:\/\/api.w.org\/{rel}","templated":true}]}}